{"id":106374,"date":"2022-04-26T10:44:13","date_gmt":"2022-04-26T13:44:13","guid":{"rendered":"https:\/\/eldiariodesanpedro.com.ar\/sitio\/?p=106374"},"modified":"2022-04-26T10:44:14","modified_gmt":"2022-04-26T13:44:14","slug":"gustavo-vlaeminck-fue-elegido-nuevo-presidente-de-pescadores","status":"publish","type":"post","link":"https:\/\/eldiariodesanpedro.com.ar\/sitio\/gustavo-vlaeminck-fue-elegido-nuevo-presidente-de-pescadores\/","title":{"rendered":"Gustavo Vlaeminck fue elegido nuevo presidente de Pescadores"},"content":{"rendered":"<!-- VideographyWP Plugin Message: Automatic video embedding prevented by plugin options. -->\n\n<p>La lista oficialista, que conduc\u00eda Vlaeminck, se impuso por sobre la encabezada por Jorge Piriz. La votaci\u00f3n se realiz\u00f3 durante la Asamblea General Ordinaria realizada este domingo en la instituci\u00f3n ribere\u00f1a.<\/p>\n\n\n\n<p>El Club de Pescadores y N\u00e1utica de San Pedro, tuvo elecciones a los efectos de conformar la nueva Comisi\u00f3n Directiva. En la Asamblea General Ordinaria, que se desarroll\u00f3 este domingo, los\/as asociados\/as a la segunda instituci\u00f3n sampedrina m\u00e1s importante, pudieron elegir entre dos n\u00f3minas presentadas.<\/p>\n\n\n\n<p>Gustavo Vlaeminck, encabezando la lista oficialista, fue ungido como nuevo presidente de la instituci\u00f3n, luego de imponerse en las elecciones ante la n\u00f3mina opositora que encabez\u00f3 Jorge Piriz. Se eligieron, adem\u00e1s de la cabeza de la instituci\u00f3n, al Vicepresidente, por renuncia de Myrian Actis; Secretario\/a, por finalizaci\u00f3n de mandato de Horacio Leiva; Tesorero\/a, por finalizaci\u00f3n de mandato de Javier Ar\u00e9valo, y vocales y revisores\/as de cuenta.<\/p>\n\n\n\n<p>La Lista proclamada ganadora, y que regir\u00e1 los destinos de la instituci\u00f3n por un per\u00edodo, se conform\u00f3 con Gustavo Vlaeminck como presidente; N\u00e9stor P\u00e9rez como vicepresidente, Zaira B\u00e1ez como Secretaria, y el expresidente, Javier Ar\u00e9valo, que renov\u00f3 como Tesorero. Celeste Toscanini, Miryan Cochi, Eduardo Pitura, Pamela Monz\u00f3n, Juan Lafalce, Alejandra Ojeda, Jonathan Cardozo, Jorge Parra, Sebasti\u00e1n Saucedo, Rodrigo Mart\u00ednez, Florencia G\u00e9nova, Diego Romano y Dami\u00e1n Trotta completaron la lista.<\/p>\n","protected":false},"excerpt":{"rendered":"<p>La lista oficialista, que conduc\u00eda Vlaeminck, se impuso por sobre la encabezada por Jorge Piriz. La votaci\u00f3n se realiz\u00f3 durante la Asamblea General Ordinaria realizada este domingo en la instituci\u00f3n ribere\u00f1a. El Club de Pescadores y N\u00e1utica de San Pedro, tuvo elecciones a los efectos de conformar la nueva Comisi\u00f3n Directiva. En la Asamblea General [&hellip;]<\/p>\n","protected":false},"author":4,"featured_media":106375,"comment_status":"closed","ping_status":"closed","sticky":false,"template":"","format":"standard","meta":{"om_disable_all_campaigns":false,"_jetpack_memberships_contains_paid_content":false,"footnotes":""},"categories":[50,101,2],"tags":[197,696,33,19],"class_list":["post-106374","post","type-post","status-publish","format-standard","has-post-thumbnail","hentry","category-destacadas","category-interes-general-locales","category-locales","tag-buenos-aires","tag-interes-general","tag-locales","tag-san-pedro"],"aioseo_notices":[],"gutentor_comment":0,"jetpack_featured_media_url":"https:\/\/eldiariodesanpedro.com.ar\/sitio\/wp-content\/uploads\/2022\/04\/29c02043-5c5d-4c1f-9326-9bd608aac466_1.jpg","jetpack_shortlink":"https:\/\/wp.me\/p6RhLt-rFI","jetpack_sharing_enabled":true,"_links":{"self":[{"href":"https:\/\/eldiariodesanpedro.com.ar\/sitio\/wp-json\/wp\/v2\/posts\/106374","targetHints":{"allow":["GET"]}}],"collection":[{"href":"https:\/\/eldiariodesanpedro.com.ar\/sitio\/wp-json\/wp\/v2\/posts"}],"about":[{"href":"https:\/\/eldiariodesanpedro.com.ar\/sitio\/wp-json\/wp\/v2\/types\/post"}],"author":[{"embeddable":true,"href":"https:\/\/eldiariodesanpedro.com.ar\/sitio\/wp-json\/wp\/v2\/users\/4"}],"replies":[{"embeddable":true,"href":"https:\/\/eldiariodesanpedro.com.ar\/sitio\/wp-json\/wp\/v2\/comments?post=106374"}],"version-history":[{"count":1,"href":"https:\/\/eldiariodesanpedro.com.ar\/sitio\/wp-json\/wp\/v2\/posts\/106374\/revisions"}],"predecessor-version":[{"id":106376,"href":"https:\/\/eldiariodesanpedro.com.ar\/sitio\/wp-json\/wp\/v2\/posts\/106374\/revisions\/106376"}],"wp:featuredmedia":[{"embeddable":true,"href":"https:\/\/eldiariodesanpedro.com.ar\/sitio\/wp-json\/wp\/v2\/media\/106375"}],"wp:attachment":[{"href":"https:\/\/eldiariodesanpedro.com.ar\/sitio\/wp-json\/wp\/v2\/media?parent=106374"}],"wp:term":[{"taxonomy":"category","embeddable":true,"href":"https:\/\/eldiariodesanpedro.com.ar\/sitio\/wp-json\/wp\/v2\/categories?post=106374"},{"taxonomy":"post_tag","embeddable":true,"href":"https:\/\/eldiariodesanpedro.com.ar\/sitio\/wp-json\/wp\/v2\/tags?post=106374"}],"curies":[{"name":"wp","href":"https:\/\/api.w.org\/{rel}","templated":true}]}}