{"id":106369,"date":"2022-04-26T10:24:01","date_gmt":"2022-04-26T13:24:01","guid":{"rendered":"https:\/\/eldiariodesanpedro.com.ar\/sitio\/?p=106369"},"modified":"2022-04-26T10:24:02","modified_gmt":"2022-04-26T13:24:02","slug":"alerta-naranja-para-la-zona-con-tormentas-de-gran-magnitud-segun-el-smn","status":"publish","type":"post","link":"https:\/\/eldiariodesanpedro.com.ar\/sitio\/alerta-naranja-para-la-zona-con-tormentas-de-gran-magnitud-segun-el-smn\/","title":{"rendered":"Alerta Naranja para la zona con tormentas de gran magnitud segun el SMN"},"content":{"rendered":"<!-- VideographyWP Plugin Message: Automatic video embedding prevented by plugin options. -->\n\n<p>El SMN inform\u00f3 el pron\u00f3stico para hoy en la provincia de Buenos Aires. Mir\u00e1 c\u00f3mo va a estar el tiempo en tu ciudad.<\/p>\n\n\n\n<p>Martes 26 de abril. Tras un lunes con tiempo inestable en la Provincia, es necesario conocer la tendencia para las pr\u00f3ximas jornadas \u00bfQu\u00e9 dice el Servicio Meteorol\u00f3gico Nacional (SMN) para este martes? \u00bfSigue la alerta?<\/p>\n\n\n\n<p><strong>Alerta por\u00a0tormentas:<\/strong>\u00a0El SMN alert\u00f3 que para toda la provincia de Buenos Aires tiene alerta por tormentas hacia la noche. Gran parte de la Provincia se encuentra bajo alerta naranja por tormentas fuertes o severas, las cuales estar\u00e1n acompa\u00f1adas por muy intensas r\u00e1fagas, fuerte actividad el\u00e9ctrica, ca\u00edda de granizo y abundante ca\u00edda de agua en cortos per\u00edodos.<\/p>\n\n\n\n<p>\u00abSe esperan valores de precipitaci\u00f3n acumulada entre 30 y 60 mm, pudiendo ser superados de forma localizada\u00bb, advierte el SMN.<\/p>\n\n\n\n<p>En el\u00a0<strong>norte de la provincia de Buenos Aires<\/strong>\u00a0se espera un tiempo similar durante esta jornada. As\u00ed, la ma\u00f1ana comienza con cielo con neblinas matinales y probabilidad de tormentas a la tarde y la noche. El \u00e1rea tambi\u00e9n se ve afectada por el alerta naranja y la temperatura de 17 grados de m\u00ednima y 27 de m\u00e1xima, y vientos del noreste, inform\u00f3 el Servicio Meteorol\u00f3gico Nacional.<\/p>\n\n\n\n<p><a href=\"https:\/\/media.infocielo.com\/p\/ac88097ab13c313e5c674c8113ce81ea\/adjuntos\/299\/imagenes\/001\/341\/0001341747\/887x0\/smart\/rayos-tormenta-cliema-tiempo-alertajpg.jpg\"><\/a><\/p>\n","protected":false},"excerpt":{"rendered":"<p>El SMN inform\u00f3 el pron\u00f3stico para hoy en la provincia de Buenos Aires. Mir\u00e1 c\u00f3mo va a estar el tiempo en tu ciudad. Martes 26 de abril. Tras un lunes con tiempo inestable en la Provincia, es necesario conocer la tendencia para las pr\u00f3ximas jornadas \u00bfQu\u00e9 dice el Servicio Meteorol\u00f3gico Nacional (SMN) para este martes? [&hellip;]<\/p>\n","protected":false},"author":4,"featured_media":106370,"comment_status":"closed","ping_status":"closed","sticky":false,"template":"","format":"standard","meta":{"om_disable_all_campaigns":false,"_jetpack_memberships_contains_paid_content":false,"footnotes":""},"categories":[50,101,2],"tags":[197,33,19],"class_list":["post-106369","post","type-post","status-publish","format-standard","has-post-thumbnail","hentry","category-destacadas","category-interes-general-locales","category-locales","tag-buenos-aires","tag-locales","tag-san-pedro"],"aioseo_notices":[],"gutentor_comment":0,"jetpack_featured_media_url":"https:\/\/eldiariodesanpedro.com.ar\/sitio\/wp-content\/uploads\/2022\/04\/Sin-titulo-2.jpg","jetpack_shortlink":"https:\/\/wp.me\/p6RhLt-rFD","jetpack_sharing_enabled":true,"_links":{"self":[{"href":"https:\/\/eldiariodesanpedro.com.ar\/sitio\/wp-json\/wp\/v2\/posts\/106369","targetHints":{"allow":["GET"]}}],"collection":[{"href":"https:\/\/eldiariodesanpedro.com.ar\/sitio\/wp-json\/wp\/v2\/posts"}],"about":[{"href":"https:\/\/eldiariodesanpedro.com.ar\/sitio\/wp-json\/wp\/v2\/types\/post"}],"author":[{"embeddable":true,"href":"https:\/\/eldiariodesanpedro.com.ar\/sitio\/wp-json\/wp\/v2\/users\/4"}],"replies":[{"embeddable":true,"href":"https:\/\/eldiariodesanpedro.com.ar\/sitio\/wp-json\/wp\/v2\/comments?post=106369"}],"version-history":[{"count":1,"href":"https:\/\/eldiariodesanpedro.com.ar\/sitio\/wp-json\/wp\/v2\/posts\/106369\/revisions"}],"predecessor-version":[{"id":106371,"href":"https:\/\/eldiariodesanpedro.com.ar\/sitio\/wp-json\/wp\/v2\/posts\/106369\/revisions\/106371"}],"wp:featuredmedia":[{"embeddable":true,"href":"https:\/\/eldiariodesanpedro.com.ar\/sitio\/wp-json\/wp\/v2\/media\/106370"}],"wp:attachment":[{"href":"https:\/\/eldiariodesanpedro.com.ar\/sitio\/wp-json\/wp\/v2\/media?parent=106369"}],"wp:term":[{"taxonomy":"category","embeddable":true,"href":"https:\/\/eldiariodesanpedro.com.ar\/sitio\/wp-json\/wp\/v2\/categories?post=106369"},{"taxonomy":"post_tag","embeddable":true,"href":"https:\/\/eldiariodesanpedro.com.ar\/sitio\/wp-json\/wp\/v2\/tags?post=106369"}],"curies":[{"name":"wp","href":"https:\/\/api.w.org\/{rel}","templated":true}]}}