{"id":106365,"date":"2022-04-25T15:03:09","date_gmt":"2022-04-25T18:03:09","guid":{"rendered":"https:\/\/eldiariodesanpedro.com.ar\/sitio\/?p=106365"},"modified":"2022-04-25T19:59:40","modified_gmt":"2022-04-25T22:59:40","slug":"allanamientos-por-un-caso-de-privacion-de-la-libertad-y-abuso-sexual-con-acceso-carnal-donde-al-menos-un-policia-estaria-implicado%ef%bf%bc","status":"publish","type":"post","link":"https:\/\/eldiariodesanpedro.com.ar\/sitio\/allanamientos-por-un-caso-de-privacion-de-la-libertad-y-abuso-sexual-con-acceso-carnal-donde-al-menos-un-policia-estaria-implicado%ef%bf%bc\/","title":{"rendered":"Allanamientos por un caso de privaci\u00f3n de la libertad y abuso sexual con acceso carnal, donde al menos un polic\u00eda estar\u00eda implicado\ufffc"},"content":{"rendered":"<!-- VideographyWP Plugin Message: Automatic video embedding prevented by plugin options. -->\n\n<p>El confuso episodio habr\u00eda ocurrido entre el jueves pasado y el s\u00e1bado, donde dos personas hab\u00edan sido citadas por una cuesti\u00f3n de deudas y en el lugar los esperaban otras cuatros personas de las que podr\u00edan estar por lo menos involucradas un polic\u00eda tal vez dos.<\/p>\n\n\n\n<p>Por lo que este lunes en horas de la madrugada se realizaron cuatro allanamientos en diferentes viviendas por este posible hecho de abuso sexual y ademas privacion ilegitima de la libertad.<\/p>\n\n\n\n<p>Los allanamientos hasta el momento con resultados positivos se realizaron en una vivienda ubicada en calle Rivadavia al 1665 y otra en Mitre 1650, los restantes a\u00fan no han sido informados por la fiscal\u00eda de turno teniendo en cuenta la delicadeza de los hechos.<\/p>\n\n\n\n<p>Lo poco que se pudo saber hasta hoy es que el hecho habria ocurrido entre la noche del jueves pasado y el d\u00eda s\u00e1bado, donde dos personas se hicieron presentes en una vivienda donde estuvieron mantenidas cautivos por otras cuatro personas durante dos jornadas seguidas y adem\u00e1s una de ellas un var\u00f3n habria sufrio abuso sexual con acceso carnal.<\/p>\n\n\n\n<p>Tras la denuncia realizada en la Fiscal\u00eda N\u00ba 7 tom\u00f3 intervenci\u00f3n y orden\u00f3 el allanamiento de cuatro viviendas en diferentes puntos de nuestra ciudad&nbsp;<\/p>\n\n\n\n<p>El s\u00e1bado cuando estas dos personas fueron liberadas se acercaron al nosocomio local donde fueron asistidas por las lesiones que presentaban y desde ese momento comenz\u00f3 a tomar intervenci\u00f3n la Fiscal\u00eda 7 que tom\u00f3 la denuncia.<\/p>\n\n\n\n<p>Hasta el momento se aprehendieron a dos personas una 23 a\u00f1os quien es un reconocido joven de nuestra ciudad y otro que a\u00fan no se especific\u00f3 la edad, la prefectura investiga para dar con el paradero de los restantes que ya fueron identificados y en el caso de no lograr ubicarlos se determinara la orden de detenci\u00f3n nacional..<\/p>\n\n\n\n<p>Tomo intervenci\u00f3n la Prefectura teniendo en cuenta que por lo menos uno de los acusados del abuso sexual es un polic\u00eda de la bonaerense.<\/p>\n\n\n\n<p><\/p>\n","protected":false},"excerpt":{"rendered":"<p>El confuso episodio habr\u00eda ocurrido entre el jueves pasado y el s\u00e1bado, donde dos personas hab\u00edan sido citadas por una cuesti\u00f3n de deudas y en el lugar los esperaban otras cuatros personas de las que podr\u00edan estar por lo menos involucradas un polic\u00eda tal vez dos. Por lo que este lunes en horas de la [&hellip;]<\/p>\n","protected":false},"author":4,"featured_media":106358,"comment_status":"closed","ping_status":"closed","sticky":false,"template":"","format":"standard","meta":{"om_disable_all_campaigns":false,"_jetpack_memberships_contains_paid_content":false,"footnotes":""},"categories":[50,2,103],"tags":[197,33,95,19],"class_list":["post-106365","post","type-post","status-publish","format-standard","has-post-thumbnail","hentry","category-destacadas","category-locales","category-policiales-locales","tag-buenos-aires","tag-locales","tag-policiales","tag-san-pedro"],"aioseo_notices":[],"gutentor_comment":0,"jetpack_featured_media_url":"https:\/\/eldiariodesanpedro.com.ar\/sitio\/wp-content\/uploads\/2022\/04\/WhatsApp-Image-2022-04-25-at-2.07.44-PM.jpeg","jetpack_shortlink":"https:\/\/wp.me\/p6RhLt-rFz","jetpack_sharing_enabled":true,"_links":{"self":[{"href":"https:\/\/eldiariodesanpedro.com.ar\/sitio\/wp-json\/wp\/v2\/posts\/106365","targetHints":{"allow":["GET"]}}],"collection":[{"href":"https:\/\/eldiariodesanpedro.com.ar\/sitio\/wp-json\/wp\/v2\/posts"}],"about":[{"href":"https:\/\/eldiariodesanpedro.com.ar\/sitio\/wp-json\/wp\/v2\/types\/post"}],"author":[{"embeddable":true,"href":"https:\/\/eldiariodesanpedro.com.ar\/sitio\/wp-json\/wp\/v2\/users\/4"}],"replies":[{"embeddable":true,"href":"https:\/\/eldiariodesanpedro.com.ar\/sitio\/wp-json\/wp\/v2\/comments?post=106365"}],"version-history":[{"count":3,"href":"https:\/\/eldiariodesanpedro.com.ar\/sitio\/wp-json\/wp\/v2\/posts\/106365\/revisions"}],"predecessor-version":[{"id":106368,"href":"https:\/\/eldiariodesanpedro.com.ar\/sitio\/wp-json\/wp\/v2\/posts\/106365\/revisions\/106368"}],"wp:featuredmedia":[{"embeddable":true,"href":"https:\/\/eldiariodesanpedro.com.ar\/sitio\/wp-json\/wp\/v2\/media\/106358"}],"wp:attachment":[{"href":"https:\/\/eldiariodesanpedro.com.ar\/sitio\/wp-json\/wp\/v2\/media?parent=106365"}],"wp:term":[{"taxonomy":"category","embeddable":true,"href":"https:\/\/eldiariodesanpedro.com.ar\/sitio\/wp-json\/wp\/v2\/categories?post=106365"},{"taxonomy":"post_tag","embeddable":true,"href":"https:\/\/eldiariodesanpedro.com.ar\/sitio\/wp-json\/wp\/v2\/tags?post=106365"}],"curies":[{"name":"wp","href":"https:\/\/api.w.org\/{rel}","templated":true}]}}