{"id":106355,"date":"2022-04-25T13:31:30","date_gmt":"2022-04-25T16:31:30","guid":{"rendered":"https:\/\/eldiariodesanpedro.com.ar\/sitio\/?p=106355"},"modified":"2022-04-25T13:31:31","modified_gmt":"2022-04-25T16:31:31","slug":"el-dia-de-la-liberacion-de-la-sociedad-italiana","status":"publish","type":"post","link":"https:\/\/eldiariodesanpedro.com.ar\/sitio\/el-dia-de-la-liberacion-de-la-sociedad-italiana\/","title":{"rendered":"El d\u00eda de la Liberaci\u00f3n de la Sociedad Italiana"},"content":{"rendered":"<!-- VideographyWP Plugin Message: Automatic video embedding prevented by plugin options. -->\n\n<p>Cada 25 de abril, desde 1945, celebramos El d\u00eda de la Liberaci\u00f3n, en todas las instituciones italianas del mundo, con exposiciones, conciertos, actos, coros de canciones partisanas y homenajes a los h\u00e9roes, con motivo de la ca\u00edda del r\u00e9gimen fascista de Mussolini y de la expulsi\u00f3n de los nazis del territorio italiano. El eje Roma -Berl\u00edn, alianza concebida en 1940, entre Italia y la Alemania de Hitler, con fines expansionistas llegaba a su fin.Los italianos , celebran a su manera, la fiesta nacional. Muchos coinciden en que la ca\u00edda del fascismo dio lugar al nacimiento de la actual Rep\u00fablica Italiana, siendo motivo de unidad pol\u00edtica y patri\u00f3tica, pero para la mayor\u00eda , la fecha es propicia para honrar a todos los que perdieron la vida en esta lucha , es un recuerdo expl\u00edcito a la labor y a la entrega de los partisanos. Eran civiles, de todas las edades, de diferentes ideas pol\u00edticas, que dejaron sus actividades para constituir la gran resistencia italiana , que carec\u00edan de experiencia en combates, pero que contaban con el conocimiento del territorio en que viv\u00edan. Se agrupaban en zonas monta\u00f1osas y de dif\u00edcil acceso. Con su guerra de guerrillas ,realizaban emboscadas y sabotajes nocturnos , para da\u00f1ar pertrechos, camiones y armamentos en los campamentos alemanes.\u00a0 \u00a0 Su accionar clandestino produc\u00eda desgaste material y moral en las tropas invasoras, mientras que una oleada de solidaridad reconfortaba a los partisanos , que recib\u00edan aportes de dinero, ropa , alimentos y medicamentos\u00a0 en cada pueblo que defend\u00edan. Para ellos , oponerse al nazismo fue un imperativo moral. Su \u00e9tica de la responsabilidad hizo que no pensaran en la respuesta vengativa del enemigo, sus represalias y masacres. Entre 1941 y 1942 , la mortandad de partisanos superaba el 70 %.\u00a0\u00a0Por presi\u00f3n de Hitler, el r\u00e9gimen fascista italiano, aprob\u00f3 leyes antisemitas, que afectaron a los jud\u00edos italianos , quienes , desde la d\u00e9cada de 1930, estaban completamente integrados a la cultura y sociedad italianas . Estas leyes prohib\u00edan el matrimonio entre jud\u00edos y no jud\u00edos, obligaron a dejar sus trabajos a miles de ellos, revoc\u00e1ndoles la ciudadan\u00eda italiana.\u00a0 \u00a0 \u00a0 \u00a0 \u00a0 \u00a0 \u00a0 \u00a0 \u00a0 \u00a0<\/p>\n\n\n\n<p>En septiembre de 1943, la m\u00e1quina de muerte del Holocausto se puso en marcha en Italia. Con la intenci\u00f3n de aplicar \u00bb la soluci\u00f3n final \u00bb a toda la poblaci\u00f3n jud\u00eda del pa\u00eds, hubo matanzas como las del Lago Maggiore para culminar, el 24 de marzo de 1944, con la masacre de las Fosas Ardeatinas, donde 75 de las 335 v\u00edctimas, eran jud\u00edos. Los alemanes se quedaron con la gesti\u00f3n de los ferrocarriles italianos y los utilizaron para deportar a los jud\u00edos italianos hacia el campo de concentraci\u00f3n de Auschwitz. M\u00e1s de 10.000 de ellos fueron exterminados, mientras que miles de voluntarios italianos no jud\u00edos , arriesgaban sus vidas para esconderlos en iglesias, conventos , s\u00f3tanos y para poner a salvo a cientos de ni\u00f1os, en Suiza.\u00a0El 10 de julio de 1943, la ofensiva aliada contra la dictadura de Mussolini, desembarcaba en Sicilia, para \u00bb restaurar a la Italia, la libertad como Naci\u00f3n\u00bb, y expulsar a las tropas alemanas, extendidas a lo largo de toda la pen\u00ednsula.A fines de abril de 1945, los partisanos capturaron y ejecutaron a Mussolini, y las fuerzas alemanas en Italia, se rindieron el 2 de mayo del mismo a\u00f1o, ante los aliados .\u00a0En el momento de la liberaci\u00f3n, la figura del Partisano, adquiri\u00f3 completa legitimidad, despu\u00e9s de a\u00f1os de clandestinidad y combate.Un peri\u00f3dico de la \u00e9poca titul\u00f3 con grandes letras en su portada :\u00a0LA ITALIA ES LIBRE.\u00a0LA ITALIA RESURGIR\u00c1. Pasaron los a\u00f1os y esa exclamaci\u00f3n de deseos se ha hecho realidad gracias al esfuerzo de sus h\u00e9roes.\u00a0 \u00a0 \u00a0 \u00a0 \u00a0\u00a0 \u00a0 \u00a0 \u00a0 \u00a0 \u00a0 \u00a0 \u00a0 \u00a0 \u00a0 \u00a0 \u00a0 \u00a0 \u00a0 \u00a0 \u00a0 \u00a0 \u00a0 \u00a0 \u00a0 \u00a0 \u00a0 \u00a0 \u00a0 \u00a0 \u00a0 \u00a0 \u00a0 \u00a0 \u00a0 \u00a0 \u00a0 \u00a0 \u00a0 \u00a0 \u00a0 \u00a0 \u00a0 \u00a0 \u00a0 \u00a0 \u00a0<\/p>\n\n\n\n<p> V\u00edvian Elena Collaretti<\/p>\n","protected":false},"excerpt":{"rendered":"<p>Cada 25 de abril, desde 1945, celebramos El d\u00eda de la Liberaci\u00f3n, en todas las instituciones italianas del mundo, con exposiciones, conciertos, actos, coros de canciones partisanas y homenajes a los h\u00e9roes, con motivo de la ca\u00edda del r\u00e9gimen fascista de Mussolini y de la expulsi\u00f3n de los nazis del territorio italiano. El eje Roma [&hellip;]<\/p>\n","protected":false},"author":4,"featured_media":93473,"comment_status":"closed","ping_status":"closed","sticky":false,"template":"","format":"standard","meta":{"om_disable_all_campaigns":false,"_jetpack_memberships_contains_paid_content":false,"footnotes":""},"categories":[101,2],"tags":[197,696,33,19],"class_list":["post-106355","post","type-post","status-publish","format-standard","has-post-thumbnail","hentry","category-interes-general-locales","category-locales","tag-buenos-aires","tag-interes-general","tag-locales","tag-san-pedro"],"aioseo_notices":[],"gutentor_comment":0,"jetpack_featured_media_url":"https:\/\/eldiariodesanpedro.com.ar\/sitio\/wp-content\/uploads\/2021\/06\/Sociedad_Italiana_de_Union_y_Benevolencia_en_San_Pedro-scaled-e1622551512490.jpg","jetpack_shortlink":"https:\/\/wp.me\/p6RhLt-rFp","jetpack_sharing_enabled":true,"_links":{"self":[{"href":"https:\/\/eldiariodesanpedro.com.ar\/sitio\/wp-json\/wp\/v2\/posts\/106355","targetHints":{"allow":["GET"]}}],"collection":[{"href":"https:\/\/eldiariodesanpedro.com.ar\/sitio\/wp-json\/wp\/v2\/posts"}],"about":[{"href":"https:\/\/eldiariodesanpedro.com.ar\/sitio\/wp-json\/wp\/v2\/types\/post"}],"author":[{"embeddable":true,"href":"https:\/\/eldiariodesanpedro.com.ar\/sitio\/wp-json\/wp\/v2\/users\/4"}],"replies":[{"embeddable":true,"href":"https:\/\/eldiariodesanpedro.com.ar\/sitio\/wp-json\/wp\/v2\/comments?post=106355"}],"version-history":[{"count":1,"href":"https:\/\/eldiariodesanpedro.com.ar\/sitio\/wp-json\/wp\/v2\/posts\/106355\/revisions"}],"predecessor-version":[{"id":106356,"href":"https:\/\/eldiariodesanpedro.com.ar\/sitio\/wp-json\/wp\/v2\/posts\/106355\/revisions\/106356"}],"wp:featuredmedia":[{"embeddable":true,"href":"https:\/\/eldiariodesanpedro.com.ar\/sitio\/wp-json\/wp\/v2\/media\/93473"}],"wp:attachment":[{"href":"https:\/\/eldiariodesanpedro.com.ar\/sitio\/wp-json\/wp\/v2\/media?parent=106355"}],"wp:term":[{"taxonomy":"category","embeddable":true,"href":"https:\/\/eldiariodesanpedro.com.ar\/sitio\/wp-json\/wp\/v2\/categories?post=106355"},{"taxonomy":"post_tag","embeddable":true,"href":"https:\/\/eldiariodesanpedro.com.ar\/sitio\/wp-json\/wp\/v2\/tags?post=106355"}],"curies":[{"name":"wp","href":"https:\/\/api.w.org\/{rel}","templated":true}]}}