{"id":106350,"date":"2022-04-25T13:27:43","date_gmt":"2022-04-25T16:27:43","guid":{"rendered":"https:\/\/eldiariodesanpedro.com.ar\/sitio\/?p=106350"},"modified":"2022-04-25T13:27:44","modified_gmt":"2022-04-25T16:27:44","slug":"el-archivo-de-documentacion-del-museo-paleontologico-recibio-70-libros-con-actas-anotaciones-resoluciones-y-registros-del-juzgado-de-paz%ef%bf%bc","status":"publish","type":"post","link":"https:\/\/eldiariodesanpedro.com.ar\/sitio\/el-archivo-de-documentacion-del-museo-paleontologico-recibio-70-libros-con-actas-anotaciones-resoluciones-y-registros-del-juzgado-de-paz%ef%bf%bc\/","title":{"rendered":"El archivo de documentaci\u00f3n del Museo Paleontol\u00f3gico recibi\u00f3 70 libros con actas, anotaciones, resoluciones y registros del juzgado de paz\ufffc"},"content":{"rendered":"<!-- VideographyWP Plugin Message: Automatic video embedding prevented by plugin options. -->\n\n<p>Los vol\u00famenes contienen informaci\u00f3n de hechos acontecidos entre la segunda mitad del siglo XIX y la primera del siglo XX. El traspaso al museo se hace en el marco del convenio firmado con la Corte Suprema de Justicia de la Provincia en 2020.<\/p>\n\n\n\n<p>El Museo Paleontol\u00f3gico de San Pedro, a trav\u00e9s de su Sala de Documentaci\u00f3n Hist\u00f3rica, acaba de recibir 70 libros hist\u00f3ricos del Juzgado de Paz local, conteniendo variada informaci\u00f3n del acontecer de nuestra sociedad durante la \u00faltima mitad del siglo XIX y la primera del siglo XX.<\/p>\n\n\n\n<p>Los libros cedidos, cuyo traspaso al museo se realiza en el marco del convenio firmado en conjunto con el Departamento Hist\u00f3rico de la Suprema Corte de Justicia de la Provincia en julio de 2020, contienen actas, anotaciones, resoluciones y registros comerciales que se generaron en nuestra ciudad en el per\u00edodo en cuesti\u00f3n.<\/p>\n\n\n\n<p>Estos originales poseen informaci\u00f3n muy variada de diferentes aspectos de la vida en la ciudad, localidades y zonas rurales, incluyendo registros gr\u00e1ficos de marcas utilizadas por estancieros de la zona para identificar su ganado.<\/p>\n\n\n\n<p>El gran c\u00famulo de informaci\u00f3n que guardan estos libros se suma a los m\u00e1s de 5.000 expedientes que el Grupo Conservacionista viene analizando y digitalizando en la Sala de Documentaci\u00f3n Hist\u00f3rica; una tarea que demandar\u00e1 un trabajo a largo plazo debido a la gran cantidad de material recibido.<\/p>\n\n\n\n<p>Desde el Museo Paleontol\u00f3gico se agradece la excelente predisposici\u00f3n y confianza del Departamento Hist\u00f3rico de la Suprema Corte de Justicia de la Provincia, as\u00ed como tambi\u00e9n, la amabilidad y colaboraci\u00f3n del Juez de Paz de nuestra ciudad, Dr. Jos\u00e9 I. Macchia; del Secretario del Juzgado, Dr. Facundo Vell\u00f3n y de la Oficial Mayor de Justicia, Anal\u00eda Jan\u00edn.<\/p>\n\n\n\n<figure class=\"wp-block-image size-full\"><img decoding=\"async\" width=\"840\" height=\"630\" data-attachment-id=\"106352\" data-permalink=\"https:\/\/eldiariodesanpedro.com.ar\/sitio\/el-archivo-de-documentacion-del-museo-paleontologico-recibio-70-libros-con-actas-anotaciones-resoluciones-y-registros-del-juzgado-de-paz%ef%bf%bc\/img_20220422_162825207\/\" data-orig-file=\"https:\/\/eldiariodesanpedro.com.ar\/sitio\/wp-content\/uploads\/2022\/04\/IMG_20220422_162825207.jpg\" data-orig-size=\"840,630\" data-comments-opened=\"0\" data-image-meta=\"{&quot;aperture&quot;:&quot;0&quot;,&quot;credit&quot;:&quot;&quot;,&quot;camera&quot;:&quot;&quot;,&quot;caption&quot;:&quot;&quot;,&quot;created_timestamp&quot;:&quot;0&quot;,&quot;copyright&quot;:&quot;&quot;,&quot;focal_length&quot;:&quot;0&quot;,&quot;iso&quot;:&quot;0&quot;,&quot;shutter_speed&quot;:&quot;0&quot;,&quot;title&quot;:&quot;&quot;,&quot;orientation&quot;:&quot;0&quot;}\" data-image-title=\"IMG_20220422_162825207\" data-image-description=\"\" data-image-caption=\"\" data-large-file=\"https:\/\/eldiariodesanpedro.com.ar\/sitio\/wp-content\/uploads\/2022\/04\/IMG_20220422_162825207.jpg\" data-src=\"https:\/\/eldiariodesanpedro.com.ar\/sitio\/wp-content\/uploads\/2022\/04\/IMG_20220422_162825207.jpg\" alt=\"\" class=\"wp-image-106352 lazyload\" data-srcset=\"https:\/\/eldiariodesanpedro.com.ar\/sitio\/wp-content\/uploads\/2022\/04\/IMG_20220422_162825207.jpg 840w, https:\/\/eldiariodesanpedro.com.ar\/sitio\/wp-content\/uploads\/2022\/04\/IMG_20220422_162825207-300x225.jpg 300w, https:\/\/eldiariodesanpedro.com.ar\/sitio\/wp-content\/uploads\/2022\/04\/IMG_20220422_162825207-768x576.jpg 768w\" data-sizes=\"(max-width: 840px) 100vw, 840px\" src=\"data:image\/svg+xml;base64,PHN2ZyB3aWR0aD0iMSIgaGVpZ2h0PSIxIiB4bWxucz0iaHR0cDovL3d3dy53My5vcmcvMjAwMC9zdmciPjwvc3ZnPg==\" style=\"--smush-placeholder-width: 840px; --smush-placeholder-aspect-ratio: 840\/630;\" \/><\/figure>\n\n\n\n<figure class=\"wp-block-image size-full\"><img decoding=\"async\" width=\"840\" height=\"630\" data-attachment-id=\"106353\" data-permalink=\"https:\/\/eldiariodesanpedro.com.ar\/sitio\/el-archivo-de-documentacion-del-museo-paleontologico-recibio-70-libros-con-actas-anotaciones-resoluciones-y-registros-del-juzgado-de-paz%ef%bf%bc\/img_20220424_173654685\/\" data-orig-file=\"https:\/\/eldiariodesanpedro.com.ar\/sitio\/wp-content\/uploads\/2022\/04\/IMG_20220424_173654685.jpg\" data-orig-size=\"840,630\" data-comments-opened=\"0\" data-image-meta=\"{&quot;aperture&quot;:&quot;0&quot;,&quot;credit&quot;:&quot;&quot;,&quot;camera&quot;:&quot;&quot;,&quot;caption&quot;:&quot;&quot;,&quot;created_timestamp&quot;:&quot;0&quot;,&quot;copyright&quot;:&quot;&quot;,&quot;focal_length&quot;:&quot;0&quot;,&quot;iso&quot;:&quot;0&quot;,&quot;shutter_speed&quot;:&quot;0&quot;,&quot;title&quot;:&quot;&quot;,&quot;orientation&quot;:&quot;0&quot;}\" data-image-title=\"IMG_20220424_173654685\" data-image-description=\"\" data-image-caption=\"\" data-large-file=\"https:\/\/eldiariodesanpedro.com.ar\/sitio\/wp-content\/uploads\/2022\/04\/IMG_20220424_173654685.jpg\" data-src=\"https:\/\/eldiariodesanpedro.com.ar\/sitio\/wp-content\/uploads\/2022\/04\/IMG_20220424_173654685.jpg\" alt=\"\" class=\"wp-image-106353 lazyload\" data-srcset=\"https:\/\/eldiariodesanpedro.com.ar\/sitio\/wp-content\/uploads\/2022\/04\/IMG_20220424_173654685.jpg 840w, https:\/\/eldiariodesanpedro.com.ar\/sitio\/wp-content\/uploads\/2022\/04\/IMG_20220424_173654685-300x225.jpg 300w, https:\/\/eldiariodesanpedro.com.ar\/sitio\/wp-content\/uploads\/2022\/04\/IMG_20220424_173654685-768x576.jpg 768w\" data-sizes=\"(max-width: 840px) 100vw, 840px\" src=\"data:image\/svg+xml;base64,PHN2ZyB3aWR0aD0iMSIgaGVpZ2h0PSIxIiB4bWxucz0iaHR0cDovL3d3dy53My5vcmcvMjAwMC9zdmciPjwvc3ZnPg==\" style=\"--smush-placeholder-width: 840px; --smush-placeholder-aspect-ratio: 840\/630;\" \/><\/figure>\n","protected":false},"excerpt":{"rendered":"<p>Los vol\u00famenes contienen informaci\u00f3n de hechos acontecidos entre la segunda mitad del siglo XIX y la primera del siglo XX. El traspaso al museo se hace en el marco del convenio firmado con la Corte Suprema de Justicia de la Provincia en 2020. El Museo Paleontol\u00f3gico de San Pedro, a trav\u00e9s de su Sala de [&hellip;]<\/p>\n","protected":false},"author":4,"featured_media":106351,"comment_status":"closed","ping_status":"closed","sticky":false,"template":"","format":"standard","meta":{"om_disable_all_campaigns":false,"_jetpack_memberships_contains_paid_content":false,"footnotes":""},"categories":[50,101,2],"tags":[197,696,33,19],"class_list":["post-106350","post","type-post","status-publish","format-standard","has-post-thumbnail","hentry","category-destacadas","category-interes-general-locales","category-locales","tag-buenos-aires","tag-interes-general","tag-locales","tag-san-pedro"],"aioseo_notices":[],"gutentor_comment":0,"jetpack_featured_media_url":"https:\/\/eldiariodesanpedro.com.ar\/sitio\/wp-content\/uploads\/2022\/04\/IMG_20220422_161536180.jpg","jetpack_shortlink":"https:\/\/wp.me\/p6RhLt-rFk","jetpack_sharing_enabled":true,"_links":{"self":[{"href":"https:\/\/eldiariodesanpedro.com.ar\/sitio\/wp-json\/wp\/v2\/posts\/106350","targetHints":{"allow":["GET"]}}],"collection":[{"href":"https:\/\/eldiariodesanpedro.com.ar\/sitio\/wp-json\/wp\/v2\/posts"}],"about":[{"href":"https:\/\/eldiariodesanpedro.com.ar\/sitio\/wp-json\/wp\/v2\/types\/post"}],"author":[{"embeddable":true,"href":"https:\/\/eldiariodesanpedro.com.ar\/sitio\/wp-json\/wp\/v2\/users\/4"}],"replies":[{"embeddable":true,"href":"https:\/\/eldiariodesanpedro.com.ar\/sitio\/wp-json\/wp\/v2\/comments?post=106350"}],"version-history":[{"count":1,"href":"https:\/\/eldiariodesanpedro.com.ar\/sitio\/wp-json\/wp\/v2\/posts\/106350\/revisions"}],"predecessor-version":[{"id":106354,"href":"https:\/\/eldiariodesanpedro.com.ar\/sitio\/wp-json\/wp\/v2\/posts\/106350\/revisions\/106354"}],"wp:featuredmedia":[{"embeddable":true,"href":"https:\/\/eldiariodesanpedro.com.ar\/sitio\/wp-json\/wp\/v2\/media\/106351"}],"wp:attachment":[{"href":"https:\/\/eldiariodesanpedro.com.ar\/sitio\/wp-json\/wp\/v2\/media?parent=106350"}],"wp:term":[{"taxonomy":"category","embeddable":true,"href":"https:\/\/eldiariodesanpedro.com.ar\/sitio\/wp-json\/wp\/v2\/categories?post=106350"},{"taxonomy":"post_tag","embeddable":true,"href":"https:\/\/eldiariodesanpedro.com.ar\/sitio\/wp-json\/wp\/v2\/tags?post=106350"}],"curies":[{"name":"wp","href":"https:\/\/api.w.org\/{rel}","templated":true}]}}