{"id":106348,"date":"2022-04-25T13:12:35","date_gmt":"2022-04-25T16:12:35","guid":{"rendered":"https:\/\/eldiariodesanpedro.com.ar\/sitio\/?p=106348"},"modified":"2022-04-25T13:12:35","modified_gmt":"2022-04-25T16:12:35","slug":"un-joven-de-14-anos-de-edad-golpeado-por-un-vecino","status":"publish","type":"post","link":"https:\/\/eldiariodesanpedro.com.ar\/sitio\/un-joven-de-14-anos-de-edad-golpeado-por-un-vecino\/","title":{"rendered":"Un joven de 14 a\u00f1os de edad golpeado por un vecino"},"content":{"rendered":"<!-- VideographyWP Plugin Message: Automatic video embedding prevented by plugin options. -->\n\n<p>Este lunes en horas de la noche en la comisaria local se denunci\u00f3 por parte de un ciudadano de 14 a\u00f1os acompa\u00f1ado por su madre, que el d\u00eda de ayer en horas de la tarde momento que se hallaba en domicilio ubicado en calle Hermano Indio y Casella, lugar se present\u00f3 un vecino que tambi\u00e9n es menor de edad, tras mantener\u00a0 discusi\u00f3n, es agredido a golpes en rostro.\u00a0<\/p>\n\n\n\n<p>No contempla lesiones. Interviene UFI del Joven.-<\/p>\n","protected":false},"excerpt":{"rendered":"<p>Este lunes en horas de la noche en la comisaria local se denunci\u00f3 por parte de un ciudadano de 14 a\u00f1os acompa\u00f1ado por su madre, que el d\u00eda de ayer en horas de la tarde momento que se hallaba en domicilio ubicado en calle Hermano Indio y Casella, lugar se present\u00f3 un vecino que tambi\u00e9n [&hellip;]<\/p>\n","protected":false},"author":4,"featured_media":103679,"comment_status":"closed","ping_status":"closed","sticky":false,"template":"","format":"standard","meta":{"om_disable_all_campaigns":false,"_jetpack_memberships_contains_paid_content":false,"footnotes":""},"categories":[2,103],"tags":[197,33,95],"class_list":["post-106348","post","type-post","status-publish","format-standard","has-post-thumbnail","hentry","category-locales","category-policiales-locales","tag-buenos-aires","tag-locales","tag-policiales"],"aioseo_notices":[],"gutentor_comment":0,"jetpack_featured_media_url":"https:\/\/eldiariodesanpedro.com.ar\/sitio\/wp-content\/uploads\/2022\/02\/comisaria_san_pedro.jpg","jetpack_shortlink":"https:\/\/wp.me\/p6RhLt-rFi","jetpack_sharing_enabled":true,"_links":{"self":[{"href":"https:\/\/eldiariodesanpedro.com.ar\/sitio\/wp-json\/wp\/v2\/posts\/106348","targetHints":{"allow":["GET"]}}],"collection":[{"href":"https:\/\/eldiariodesanpedro.com.ar\/sitio\/wp-json\/wp\/v2\/posts"}],"about":[{"href":"https:\/\/eldiariodesanpedro.com.ar\/sitio\/wp-json\/wp\/v2\/types\/post"}],"author":[{"embeddable":true,"href":"https:\/\/eldiariodesanpedro.com.ar\/sitio\/wp-json\/wp\/v2\/users\/4"}],"replies":[{"embeddable":true,"href":"https:\/\/eldiariodesanpedro.com.ar\/sitio\/wp-json\/wp\/v2\/comments?post=106348"}],"version-history":[{"count":1,"href":"https:\/\/eldiariodesanpedro.com.ar\/sitio\/wp-json\/wp\/v2\/posts\/106348\/revisions"}],"predecessor-version":[{"id":106349,"href":"https:\/\/eldiariodesanpedro.com.ar\/sitio\/wp-json\/wp\/v2\/posts\/106348\/revisions\/106349"}],"wp:featuredmedia":[{"embeddable":true,"href":"https:\/\/eldiariodesanpedro.com.ar\/sitio\/wp-json\/wp\/v2\/media\/103679"}],"wp:attachment":[{"href":"https:\/\/eldiariodesanpedro.com.ar\/sitio\/wp-json\/wp\/v2\/media?parent=106348"}],"wp:term":[{"taxonomy":"category","embeddable":true,"href":"https:\/\/eldiariodesanpedro.com.ar\/sitio\/wp-json\/wp\/v2\/categories?post=106348"},{"taxonomy":"post_tag","embeddable":true,"href":"https:\/\/eldiariodesanpedro.com.ar\/sitio\/wp-json\/wp\/v2\/tags?post=106348"}],"curies":[{"name":"wp","href":"https:\/\/api.w.org\/{rel}","templated":true}]}}