{"id":106342,"date":"2022-04-25T12:39:26","date_gmt":"2022-04-25T15:39:26","guid":{"rendered":"https:\/\/eldiariodesanpedro.com.ar\/sitio\/?p=106342"},"modified":"2022-04-25T12:39:27","modified_gmt":"2022-04-25T15:39:27","slug":"dos-personas-aprehendidas-por-violencia-de-genero-durante-el-fin-de-semana-%ef%bf%bc","status":"publish","type":"post","link":"https:\/\/eldiariodesanpedro.com.ar\/sitio\/dos-personas-aprehendidas-por-violencia-de-genero-durante-el-fin-de-semana-%ef%bf%bc\/","title":{"rendered":"Dos personas aprehendidas por violencia de g\u00e9nero durante el fin de semana\u00a0\ufffc"},"content":{"rendered":"<!-- VideographyWP Plugin Message: Automatic video embedding prevented by plugin options. -->\n\n<p>En la jornada de este s\u00e1bado la polic\u00eda de nuestra ciudad realiz\u00f3 la aprehensi\u00f3n de dos sujetos por violencia de g\u00e9nero y agresi\u00f3n a dos mujeres.<\/p>\n\n\n\n<p>El hecho fue denunciado por un llamado al 911 ya que en una vivienda ubicada en calle Simonino al 700 un ciudadano mayor de edad se encontraba golpeando a su pareja de 36 a\u00f1os, por lo que se hizo presente una patrulla de la polic\u00eda local para aprehender al agresor y siendo trasladado a la comisar\u00eda local.<\/p>\n\n\n\n<p>En otra ocasi\u00f3n el mismo d\u00eda el personal policial de la comisar\u00eda de San Pedro a ra\u00edz de un llamado al 911 se hace presente en calle San Bozzano 1030 donde proceden a la aprehensi\u00f3n de ciudadano mayor de edad, quien se encontraba en morada de su expareja, d\u00f3nde momentos previos la agrede f\u00edsicamente ocasion\u00e1ndole lesiones en cabeza, quedando en observaci\u00f3n en el hospital local.&nbsp;<\/p>\n\n\n\n<p>Ambas v\u00edctimas por su parte fueron trasladadas a la Comisari de la Mujer y la Familia donde recibi\u00f3 la contenci\u00f3n necesaria.<\/p>\n","protected":false},"excerpt":{"rendered":"<p>En la jornada de este s\u00e1bado la polic\u00eda de nuestra ciudad realiz\u00f3 la aprehensi\u00f3n de dos sujetos por violencia de g\u00e9nero y agresi\u00f3n a dos mujeres. El hecho fue denunciado por un llamado al 911 ya que en una vivienda ubicada en calle Simonino al 700 un ciudadano mayor de edad se encontraba golpeando a [&hellip;]<\/p>\n","protected":false},"author":4,"featured_media":74147,"comment_status":"closed","ping_status":"closed","sticky":false,"template":"","format":"standard","meta":{"om_disable_all_campaigns":false,"_jetpack_memberships_contains_paid_content":false,"footnotes":""},"categories":[2,103],"tags":[197,33,95,19],"class_list":["post-106342","post","type-post","status-publish","format-standard","has-post-thumbnail","hentry","category-locales","category-policiales-locales","tag-buenos-aires","tag-locales","tag-policiales","tag-san-pedro"],"aioseo_notices":[],"gutentor_comment":0,"jetpack_featured_media_url":"https:\/\/eldiariodesanpedro.com.ar\/sitio\/wp-content\/uploads\/2020\/05\/detenido.jpg","jetpack_shortlink":"https:\/\/wp.me\/p6RhLt-rFc","jetpack_sharing_enabled":true,"_links":{"self":[{"href":"https:\/\/eldiariodesanpedro.com.ar\/sitio\/wp-json\/wp\/v2\/posts\/106342","targetHints":{"allow":["GET"]}}],"collection":[{"href":"https:\/\/eldiariodesanpedro.com.ar\/sitio\/wp-json\/wp\/v2\/posts"}],"about":[{"href":"https:\/\/eldiariodesanpedro.com.ar\/sitio\/wp-json\/wp\/v2\/types\/post"}],"author":[{"embeddable":true,"href":"https:\/\/eldiariodesanpedro.com.ar\/sitio\/wp-json\/wp\/v2\/users\/4"}],"replies":[{"embeddable":true,"href":"https:\/\/eldiariodesanpedro.com.ar\/sitio\/wp-json\/wp\/v2\/comments?post=106342"}],"version-history":[{"count":1,"href":"https:\/\/eldiariodesanpedro.com.ar\/sitio\/wp-json\/wp\/v2\/posts\/106342\/revisions"}],"predecessor-version":[{"id":106343,"href":"https:\/\/eldiariodesanpedro.com.ar\/sitio\/wp-json\/wp\/v2\/posts\/106342\/revisions\/106343"}],"wp:featuredmedia":[{"embeddable":true,"href":"https:\/\/eldiariodesanpedro.com.ar\/sitio\/wp-json\/wp\/v2\/media\/74147"}],"wp:attachment":[{"href":"https:\/\/eldiariodesanpedro.com.ar\/sitio\/wp-json\/wp\/v2\/media?parent=106342"}],"wp:term":[{"taxonomy":"category","embeddable":true,"href":"https:\/\/eldiariodesanpedro.com.ar\/sitio\/wp-json\/wp\/v2\/categories?post=106342"},{"taxonomy":"post_tag","embeddable":true,"href":"https:\/\/eldiariodesanpedro.com.ar\/sitio\/wp-json\/wp\/v2\/tags?post=106342"}],"curies":[{"name":"wp","href":"https:\/\/api.w.org\/{rel}","templated":true}]}}