{"id":106340,"date":"2022-04-25T11:56:06","date_gmt":"2022-04-25T14:56:06","guid":{"rendered":"https:\/\/eldiariodesanpedro.com.ar\/sitio\/?p=106340"},"modified":"2022-04-25T11:56:06","modified_gmt":"2022-04-25T14:56:06","slug":"robaron-una-motocicleta-estacionada-afuera-de-un-comercio-y-sin-candado%ef%bf%bc","status":"publish","type":"post","link":"https:\/\/eldiariodesanpedro.com.ar\/sitio\/robaron-una-motocicleta-estacionada-afuera-de-un-comercio-y-sin-candado%ef%bf%bc\/","title":{"rendered":"Robaron una motocicleta estacionada afuera de un comercio y sin candado\ufffc"},"content":{"rendered":"<!-- VideographyWP Plugin Message: Automatic video embedding prevented by plugin options. -->\n\n<p>Este s\u00e1bado en horas de la tarde noche pasadas las 19:30 hs un ciudadano denunci\u00f3 en la comisar\u00eda local una vecina de nuestra ciudad, que asegura que momentos antes alrededor de las&nbsp; las 18:00 hs. deja depositada su motocicleta estacionada v\u00eda p\u00fablica en la intersecci\u00f3n de las calle Mitre y Caseros para luego ingresar a un comercio.&nbsp;<\/p>\n\n\n\n<p>Al egresar del mismo en escasos minutos constata que la misma ya no se encontraba m\u00e1s en el lugar, la misma se encontraba sin candado y ning\u00fan sistema de seguridad<\/p>\n\n\n\n<p>Interviene UFI N\u00b0 07 local, inici\u00e1ndose la investigaci\u00f3n correspondiente.<\/p>\n","protected":false},"excerpt":{"rendered":"<p>Este s\u00e1bado en horas de la tarde noche pasadas las 19:30 hs un ciudadano denunci\u00f3 en la comisar\u00eda local una vecina de nuestra ciudad, que asegura que momentos antes alrededor de las&nbsp; las 18:00 hs. deja depositada su motocicleta estacionada v\u00eda p\u00fablica en la intersecci\u00f3n de las calle Mitre y Caseros para luego ingresar a [&hellip;]<\/p>\n","protected":false},"author":4,"featured_media":78843,"comment_status":"closed","ping_status":"closed","sticky":false,"template":"","format":"standard","meta":{"om_disable_all_campaigns":false,"_jetpack_memberships_contains_paid_content":false,"footnotes":""},"categories":[2,103],"tags":[197,33,95,19],"class_list":["post-106340","post","type-post","status-publish","format-standard","has-post-thumbnail","hentry","category-locales","category-policiales-locales","tag-buenos-aires","tag-locales","tag-policiales","tag-san-pedro"],"aioseo_notices":[],"gutentor_comment":0,"jetpack_featured_media_url":"https:\/\/eldiariodesanpedro.com.ar\/sitio\/wp-content\/uploads\/2020\/08\/0.jpg","jetpack_shortlink":"https:\/\/wp.me\/p6RhLt-rFa","jetpack_sharing_enabled":true,"_links":{"self":[{"href":"https:\/\/eldiariodesanpedro.com.ar\/sitio\/wp-json\/wp\/v2\/posts\/106340","targetHints":{"allow":["GET"]}}],"collection":[{"href":"https:\/\/eldiariodesanpedro.com.ar\/sitio\/wp-json\/wp\/v2\/posts"}],"about":[{"href":"https:\/\/eldiariodesanpedro.com.ar\/sitio\/wp-json\/wp\/v2\/types\/post"}],"author":[{"embeddable":true,"href":"https:\/\/eldiariodesanpedro.com.ar\/sitio\/wp-json\/wp\/v2\/users\/4"}],"replies":[{"embeddable":true,"href":"https:\/\/eldiariodesanpedro.com.ar\/sitio\/wp-json\/wp\/v2\/comments?post=106340"}],"version-history":[{"count":1,"href":"https:\/\/eldiariodesanpedro.com.ar\/sitio\/wp-json\/wp\/v2\/posts\/106340\/revisions"}],"predecessor-version":[{"id":106341,"href":"https:\/\/eldiariodesanpedro.com.ar\/sitio\/wp-json\/wp\/v2\/posts\/106340\/revisions\/106341"}],"wp:featuredmedia":[{"embeddable":true,"href":"https:\/\/eldiariodesanpedro.com.ar\/sitio\/wp-json\/wp\/v2\/media\/78843"}],"wp:attachment":[{"href":"https:\/\/eldiariodesanpedro.com.ar\/sitio\/wp-json\/wp\/v2\/media?parent=106340"}],"wp:term":[{"taxonomy":"category","embeddable":true,"href":"https:\/\/eldiariodesanpedro.com.ar\/sitio\/wp-json\/wp\/v2\/categories?post=106340"},{"taxonomy":"post_tag","embeddable":true,"href":"https:\/\/eldiariodesanpedro.com.ar\/sitio\/wp-json\/wp\/v2\/tags?post=106340"}],"curies":[{"name":"wp","href":"https:\/\/api.w.org\/{rel}","templated":true}]}}