{"id":106334,"date":"2022-04-24T17:59:50","date_gmt":"2022-04-24T20:59:50","guid":{"rendered":"https:\/\/eldiariodesanpedro.com.ar\/sitio\/?p=106334"},"modified":"2022-04-24T17:59:53","modified_gmt":"2022-04-24T20:59:53","slug":"exitosa-primera-edicion-de-marea-con-la-visita-de-la-ministra-estela-diaz-y-el-cierre-de-miss-bolivia","status":"publish","type":"post","link":"https:\/\/eldiariodesanpedro.com.ar\/sitio\/exitosa-primera-edicion-de-marea-con-la-visita-de-la-ministra-estela-diaz-y-el-cierre-de-miss-bolivia\/","title":{"rendered":"Exitosa primera edici\u00f3n de Marea, con la visita de la ministra Estela D\u00edaz y el cierre de Miss Bolivia"},"content":{"rendered":"<!-- VideographyWP Plugin Message: Automatic video embedding prevented by plugin options. -->\n\n<p>Con un excelente nivel de participaci\u00f3n, se concret\u00f3 este s\u00e1bado el primer encuentro feminista y diverso de la regi\u00f3n 2, organizado por la subsecretar\u00eda de Pol\u00edticas de G\u00e9nero y Diversidad Sexual del ministerio de las Mujeres, Pol\u00edticas de G\u00e9nero y Diversidad Sexual, en conjunto con la secretar\u00eda de Pol\u00edticas de G\u00e9nero, Mujeres y Diversidad de la Municipalidad de San Pedro.<\/p>\n\n\n\n<p>M\u00e1s de 700 personas, provenientes de Baradero, San Nicol\u00e1s, Ramallo, Z\u00e1rate, Col\u00f3n, Pergamino, Rojas, Salto, Arrecifes, Capit\u00e1n Sarmiento, Carmen de Areco, San Andr\u00e9s de Giles, Exaltaci\u00f3n de la Cruz, San Antonio de Areco, adem\u00e1s de las locales, participaron de los talleres que se desarrollaron desde las 14.00 en el Paseo P\u00fablico Municipal.<\/p>\n\n\n\n<p>Bajo las tem\u00e1ticas Masculinidades; Diversidad; Cupo laboral, salud, salud sexual y reproductiva; Gesti\u00f3n menstrual; Corresponsabilidad en los cuidados, obligaci\u00f3n alimentaria y endeudamiento; Diversidad Corporal, quienes participaron de los talleres debatieron y compartieron experiencias de los distintos territorios.<\/p>\n\n\n\n<p>La jornada cont\u00f3 con el cierre de la subsecretaria Luc\u00eda Portos y la ministra Estela D\u00edaz, acompa\u00f1adas por el intendente Ram\u00f3n Salazar y la secretaria de Pol\u00edticas de G\u00e9nero, Mujeres y Diversidad de San Pedro, Laura Monfasani, quienes destacaron la importancia de sostener el trabajo colectivo y los espacios de debate y formaci\u00f3n, de cara al desarrollo de pol\u00edticas p\u00fablicas que atiendan las demandas de las mujeres y colectivos LGBTIQ+.<\/p>\n\n\n\n<p>El cierre musical de la jornada estuvo a cargo de Miss Bolivia quien brind\u00f3 un show de poco m\u00e1s de una hora ante un excelente marco de p\u00fablico.<\/p>\n\n\n\n<p>La actividad cont\u00f3 con la presencia de feriantes locales, adem\u00e1s de los stands de organismos provinciales y nacionales, entre ellos el ministerio de las Mujeres, G\u00e9neros y Diversidad de Naci\u00f3n; el ministerio de Ambiente de la Provincia de Buenos Aires; el Instituto de Previsi\u00f3n Social (IPS); la delegaci\u00f3n local del ministerio de Trabajo de la provincia de Buenos Aires; la Defensor\u00eda del Pueblo; y los locales, Municipalidad, Secretar\u00eda de Pol\u00edticas de G\u00e9nero, Mujeres y Diversidad; CAJ; y Comisar\u00eda de la Mujer y la Familia.<\/p>\n\n\n\n<figure class=\"wp-block-image size-full\"><img decoding=\"async\" width=\"945\" height=\"630\" data-attachment-id=\"106335\" data-permalink=\"https:\/\/eldiariodesanpedro.com.ar\/sitio\/exitosa-primera-edicion-de-marea-con-la-visita-de-la-ministra-estela-diaz-y-el-cierre-de-miss-bolivia\/278794176_313360167562522_4657611516349114129_n\/\" data-orig-file=\"https:\/\/eldiariodesanpedro.com.ar\/sitio\/wp-content\/uploads\/2022\/04\/278794176_313360167562522_4657611516349114129_n.jpg\" data-orig-size=\"945,630\" data-comments-opened=\"0\" data-image-meta=\"{&quot;aperture&quot;:&quot;0&quot;,&quot;credit&quot;:&quot;&quot;,&quot;camera&quot;:&quot;&quot;,&quot;caption&quot;:&quot;&quot;,&quot;created_timestamp&quot;:&quot;0&quot;,&quot;copyright&quot;:&quot;&quot;,&quot;focal_length&quot;:&quot;0&quot;,&quot;iso&quot;:&quot;0&quot;,&quot;shutter_speed&quot;:&quot;0&quot;,&quot;title&quot;:&quot;&quot;,&quot;orientation&quot;:&quot;0&quot;}\" data-image-title=\"278794176_313360167562522_4657611516349114129_n\" data-image-description=\"\" data-image-caption=\"\" data-large-file=\"https:\/\/eldiariodesanpedro.com.ar\/sitio\/wp-content\/uploads\/2022\/04\/278794176_313360167562522_4657611516349114129_n.jpg\" data-src=\"https:\/\/eldiariodesanpedro.com.ar\/sitio\/wp-content\/uploads\/2022\/04\/278794176_313360167562522_4657611516349114129_n.jpg\" alt=\"\" class=\"wp-image-106335 lazyload\" data-srcset=\"https:\/\/eldiariodesanpedro.com.ar\/sitio\/wp-content\/uploads\/2022\/04\/278794176_313360167562522_4657611516349114129_n.jpg 945w, https:\/\/eldiariodesanpedro.com.ar\/sitio\/wp-content\/uploads\/2022\/04\/278794176_313360167562522_4657611516349114129_n-300x200.jpg 300w, https:\/\/eldiariodesanpedro.com.ar\/sitio\/wp-content\/uploads\/2022\/04\/278794176_313360167562522_4657611516349114129_n-768x512.jpg 768w\" data-sizes=\"(max-width: 945px) 100vw, 945px\" src=\"data:image\/svg+xml;base64,PHN2ZyB3aWR0aD0iMSIgaGVpZ2h0PSIxIiB4bWxucz0iaHR0cDovL3d3dy53My5vcmcvMjAwMC9zdmciPjwvc3ZnPg==\" style=\"--smush-placeholder-width: 945px; --smush-placeholder-aspect-ratio: 945\/630;\" \/><\/figure>\n\n\n\n<p><\/p>\n","protected":false},"excerpt":{"rendered":"<p>Con un excelente nivel de participaci\u00f3n, se concret\u00f3 este s\u00e1bado el primer encuentro feminista y diverso de la regi\u00f3n 2, organizado por la subsecretar\u00eda de Pol\u00edticas de G\u00e9nero y Diversidad Sexual del ministerio de las Mujeres, Pol\u00edticas de G\u00e9nero y Diversidad Sexual, en conjunto con la secretar\u00eda de Pol\u00edticas de G\u00e9nero, Mujeres y Diversidad de [&hellip;]<\/p>\n","protected":false},"author":4,"featured_media":106336,"comment_status":"closed","ping_status":"closed","sticky":false,"template":"","format":"standard","meta":{"om_disable_all_campaigns":false,"_jetpack_memberships_contains_paid_content":false,"footnotes":""},"categories":[50,2,103],"tags":[197,696,33,19],"class_list":["post-106334","post","type-post","status-publish","format-standard","has-post-thumbnail","hentry","category-destacadas","category-locales","category-policiales-locales","tag-buenos-aires","tag-interes-general","tag-locales","tag-san-pedro"],"aioseo_notices":[],"gutentor_comment":0,"jetpack_featured_media_url":"https:\/\/eldiariodesanpedro.com.ar\/sitio\/wp-content\/uploads\/2022\/04\/278972023_313358980895974_9033842877684290417_n.jpg","jetpack_shortlink":"https:\/\/wp.me\/p6RhLt-rF4","jetpack_sharing_enabled":true,"_links":{"self":[{"href":"https:\/\/eldiariodesanpedro.com.ar\/sitio\/wp-json\/wp\/v2\/posts\/106334","targetHints":{"allow":["GET"]}}],"collection":[{"href":"https:\/\/eldiariodesanpedro.com.ar\/sitio\/wp-json\/wp\/v2\/posts"}],"about":[{"href":"https:\/\/eldiariodesanpedro.com.ar\/sitio\/wp-json\/wp\/v2\/types\/post"}],"author":[{"embeddable":true,"href":"https:\/\/eldiariodesanpedro.com.ar\/sitio\/wp-json\/wp\/v2\/users\/4"}],"replies":[{"embeddable":true,"href":"https:\/\/eldiariodesanpedro.com.ar\/sitio\/wp-json\/wp\/v2\/comments?post=106334"}],"version-history":[{"count":1,"href":"https:\/\/eldiariodesanpedro.com.ar\/sitio\/wp-json\/wp\/v2\/posts\/106334\/revisions"}],"predecessor-version":[{"id":106337,"href":"https:\/\/eldiariodesanpedro.com.ar\/sitio\/wp-json\/wp\/v2\/posts\/106334\/revisions\/106337"}],"wp:featuredmedia":[{"embeddable":true,"href":"https:\/\/eldiariodesanpedro.com.ar\/sitio\/wp-json\/wp\/v2\/media\/106336"}],"wp:attachment":[{"href":"https:\/\/eldiariodesanpedro.com.ar\/sitio\/wp-json\/wp\/v2\/media?parent=106334"}],"wp:term":[{"taxonomy":"category","embeddable":true,"href":"https:\/\/eldiariodesanpedro.com.ar\/sitio\/wp-json\/wp\/v2\/categories?post=106334"},{"taxonomy":"post_tag","embeddable":true,"href":"https:\/\/eldiariodesanpedro.com.ar\/sitio\/wp-json\/wp\/v2\/tags?post=106334"}],"curies":[{"name":"wp","href":"https:\/\/api.w.org\/{rel}","templated":true}]}}