{"id":106330,"date":"2022-04-24T16:05:05","date_gmt":"2022-04-24T19:05:05","guid":{"rendered":"https:\/\/eldiariodesanpedro.com.ar\/sitio\/?p=106330"},"modified":"2022-04-24T16:05:06","modified_gmt":"2022-04-24T19:05:06","slug":"giovanettoni-en-una-reunion-provincial-de-defensa-civil","status":"publish","type":"post","link":"https:\/\/eldiariodesanpedro.com.ar\/sitio\/giovanettoni-en-una-reunion-provincial-de-defensa-civil\/","title":{"rendered":"Giovanettoni en una Reuni\u00f3n Provincial de Defensa Civil"},"content":{"rendered":"<!-- VideographyWP Plugin Message: Automatic video embedding prevented by plugin options. -->\n\n<p>El Director Municipal de Defensa Civil Fabio Giovanettoni particip\u00f3 este s\u00e1bado 23 de abril en Tapalqu\u00e9, Provincia de Buenos Aires, de una reuni\u00f3n organizada por la Direcci\u00f3n Provincial de Defensa Civil y la Subsecretar\u00eda de Emergencia.<\/p>\n\n\n\n<p>El encuentro con los principales referentes de estos equipos de todo el territorio bonaerense se desarroll\u00f3 en el Centro Cultural Ricardo Romera de esa localidad y cont\u00f3 con la apertura a cargo del Intendente Gustavo Cocconi, la subsecretaria provincial de emergencias Alicia Salman y el Director Provincial de Defensa Civil, Fabi\u00e1n Garcia.<\/p>\n\n\n\n<p>La actividad fue planeada con la intenci\u00f3n de compartir actualizaciones en cuanto a procedimientos y metodolog\u00edas de trabajo enmarcadas en un fortalecimiento de los equipos que llevan adelante misiones muy importantes en situaciones cr\u00edticas en cada territorio.<\/p>\n\n\n\n<p>En el transcurso del a\u00f1o se propondr\u00e1n planes de capacitaci\u00f3n y evaluaciones para trabajar los temas que son de inter\u00e9s en cada regi\u00f3n de la Provincia de Buenos Aires.<\/p>\n\n\n\n<figure class=\"wp-block-image size-full\"><img decoding=\"async\" width=\"473\" height=\"630\" data-attachment-id=\"106332\" data-permalink=\"https:\/\/eldiariodesanpedro.com.ar\/sitio\/giovanettoni-en-una-reunion-provincial-de-defensa-civil\/whatsapp-image-2022-04-24-at-11-09-35-am\/\" data-orig-file=\"https:\/\/eldiariodesanpedro.com.ar\/sitio\/wp-content\/uploads\/2022\/04\/WhatsApp-Image-2022-04-24-at-11.09.35-AM.jpeg\" data-orig-size=\"473,630\" data-comments-opened=\"0\" data-image-meta=\"{&quot;aperture&quot;:&quot;0&quot;,&quot;credit&quot;:&quot;&quot;,&quot;camera&quot;:&quot;&quot;,&quot;caption&quot;:&quot;&quot;,&quot;created_timestamp&quot;:&quot;0&quot;,&quot;copyright&quot;:&quot;&quot;,&quot;focal_length&quot;:&quot;0&quot;,&quot;iso&quot;:&quot;0&quot;,&quot;shutter_speed&quot;:&quot;0&quot;,&quot;title&quot;:&quot;&quot;,&quot;orientation&quot;:&quot;0&quot;}\" data-image-title=\"WhatsApp Image 2022-04-24 at 11.09.35 AM\" data-image-description=\"\" data-image-caption=\"\" data-large-file=\"https:\/\/eldiariodesanpedro.com.ar\/sitio\/wp-content\/uploads\/2022\/04\/WhatsApp-Image-2022-04-24-at-11.09.35-AM.jpeg\" data-src=\"https:\/\/eldiariodesanpedro.com.ar\/sitio\/wp-content\/uploads\/2022\/04\/WhatsApp-Image-2022-04-24-at-11.09.35-AM.jpeg\" alt=\"\" class=\"wp-image-106332 lazyload\" data-srcset=\"https:\/\/eldiariodesanpedro.com.ar\/sitio\/wp-content\/uploads\/2022\/04\/WhatsApp-Image-2022-04-24-at-11.09.35-AM.jpeg 473w, https:\/\/eldiariodesanpedro.com.ar\/sitio\/wp-content\/uploads\/2022\/04\/WhatsApp-Image-2022-04-24-at-11.09.35-AM-225x300.jpeg 225w\" data-sizes=\"(max-width: 473px) 100vw, 473px\" src=\"data:image\/svg+xml;base64,PHN2ZyB3aWR0aD0iMSIgaGVpZ2h0PSIxIiB4bWxucz0iaHR0cDovL3d3dy53My5vcmcvMjAwMC9zdmciPjwvc3ZnPg==\" style=\"--smush-placeholder-width: 473px; --smush-placeholder-aspect-ratio: 473\/630;\" \/><\/figure>\n","protected":false},"excerpt":{"rendered":"<p>El Director Municipal de Defensa Civil Fabio Giovanettoni particip\u00f3 este s\u00e1bado 23 de abril en Tapalqu\u00e9, Provincia de Buenos Aires, de una reuni\u00f3n organizada por la Direcci\u00f3n Provincial de Defensa Civil y la Subsecretar\u00eda de Emergencia. El encuentro con los principales referentes de estos equipos de todo el territorio bonaerense se desarroll\u00f3 en el Centro [&hellip;]<\/p>\n","protected":false},"author":4,"featured_media":106331,"comment_status":"closed","ping_status":"closed","sticky":false,"template":"","format":"standard","meta":{"om_disable_all_campaigns":false,"_jetpack_memberships_contains_paid_content":false,"footnotes":""},"categories":[50,101,2],"tags":[197,696,33,19],"class_list":["post-106330","post","type-post","status-publish","format-standard","has-post-thumbnail","hentry","category-destacadas","category-interes-general-locales","category-locales","tag-buenos-aires","tag-interes-general","tag-locales","tag-san-pedro"],"aioseo_notices":[],"gutentor_comment":0,"jetpack_featured_media_url":"https:\/\/eldiariodesanpedro.com.ar\/sitio\/wp-content\/uploads\/2022\/04\/medida-7.jpg","jetpack_shortlink":"https:\/\/wp.me\/p6RhLt-rF0","jetpack_sharing_enabled":true,"_links":{"self":[{"href":"https:\/\/eldiariodesanpedro.com.ar\/sitio\/wp-json\/wp\/v2\/posts\/106330","targetHints":{"allow":["GET"]}}],"collection":[{"href":"https:\/\/eldiariodesanpedro.com.ar\/sitio\/wp-json\/wp\/v2\/posts"}],"about":[{"href":"https:\/\/eldiariodesanpedro.com.ar\/sitio\/wp-json\/wp\/v2\/types\/post"}],"author":[{"embeddable":true,"href":"https:\/\/eldiariodesanpedro.com.ar\/sitio\/wp-json\/wp\/v2\/users\/4"}],"replies":[{"embeddable":true,"href":"https:\/\/eldiariodesanpedro.com.ar\/sitio\/wp-json\/wp\/v2\/comments?post=106330"}],"version-history":[{"count":1,"href":"https:\/\/eldiariodesanpedro.com.ar\/sitio\/wp-json\/wp\/v2\/posts\/106330\/revisions"}],"predecessor-version":[{"id":106333,"href":"https:\/\/eldiariodesanpedro.com.ar\/sitio\/wp-json\/wp\/v2\/posts\/106330\/revisions\/106333"}],"wp:featuredmedia":[{"embeddable":true,"href":"https:\/\/eldiariodesanpedro.com.ar\/sitio\/wp-json\/wp\/v2\/media\/106331"}],"wp:attachment":[{"href":"https:\/\/eldiariodesanpedro.com.ar\/sitio\/wp-json\/wp\/v2\/media?parent=106330"}],"wp:term":[{"taxonomy":"category","embeddable":true,"href":"https:\/\/eldiariodesanpedro.com.ar\/sitio\/wp-json\/wp\/v2\/categories?post=106330"},{"taxonomy":"post_tag","embeddable":true,"href":"https:\/\/eldiariodesanpedro.com.ar\/sitio\/wp-json\/wp\/v2\/tags?post=106330"}],"curies":[{"name":"wp","href":"https:\/\/api.w.org\/{rel}","templated":true}]}}