{"id":106322,"date":"2022-04-24T15:49:18","date_gmt":"2022-04-24T18:49:18","guid":{"rendered":"https:\/\/eldiariodesanpedro.com.ar\/sitio\/?p=106322"},"modified":"2022-04-24T15:49:18","modified_gmt":"2022-04-24T18:49:18","slug":"amplia-campana-de-vacunacion-y-control-por-la-semana-de-la-vacunacion-de-las-americas","status":"publish","type":"post","link":"https:\/\/eldiariodesanpedro.com.ar\/sitio\/amplia-campana-de-vacunacion-y-control-por-la-semana-de-la-vacunacion-de-las-americas\/","title":{"rendered":"Amplia campa\u00f1a de vacunaci\u00f3n y control por la Semana de la Vacunaci\u00f3n de las Am\u00e9ricas"},"content":{"rendered":"<!-- VideographyWP Plugin Message: Automatic video embedding prevented by plugin options. -->\n\n<p>La Secretar\u00eda de Salud a trav\u00e9s de su equipo de vacunaci\u00f3n junto a la Regi\u00f3n Sanitaria IV llevar\u00e1 adelante esta semana una campa\u00f1a intensiva de vacunaci\u00f3n en el marco de la \u00abSemana de la vacunaci\u00f3n en las Am\u00e9ricas\u00bb.<\/p>\n\n\n\n<p>El objetivo es extender el horario de vacunaci\u00f3n ya vigente en los Centro de Salud y las localidades. Adem\u00e1s de promocionar la vacunaci\u00f3n en la zona de influencia de cada centro y en cada localidad, se realizar\u00e1 el control de libretas sanitarias.<\/p>\n\n\n\n<p>Posteriormente el equipo tiene previsto recorrer escuelas para brindar charlas y tener contacto directo con los ni\u00f1os y ni\u00f1as que deben completar sus esquemas y explicarles la importancia de la inmunizaci\u00f3n.<\/p>\n\n\n\n<p>La campa\u00f1a incluye visita a hogares de ancianos y ni\u00f1os, priorizando vacunas antigripales y antisarampionosa adem\u00e1s de revisar sus calendarios.<\/p>\n\n\n\n<p>Desde la Municipalidad de San Pedro y la Regi\u00f3n Sanitaria se estar\u00e1 presente durante las pr\u00f3ximas semanas en plazas y escuelas durante esta semana y se comunicar\u00e1 adem\u00e1s una presencia especial el pr\u00f3ximo fin de semana en el Paseo P\u00fablico.<\/p>\n\n\n\n<p>Este lunes se iniciar\u00e1 la campa\u00f1a con una visita a Gobernador Castro y habr\u00e1 equipos visitando la Casa de Ancianos, hogares infantiles y escuelas, con las que ya se ha coordinado a trav\u00e9s de la Jefatura Distrital para vacunar alumnos, docentes y auxiliares.<\/p>\n\n\n\n<p>Durante la semana se ir\u00e1 brindando mayor informaci\u00f3n de la agenda para compartir con toda la poblaci\u00f3n.<\/p>\n","protected":false},"excerpt":{"rendered":"<p>La Secretar\u00eda de Salud a trav\u00e9s de su equipo de vacunaci\u00f3n junto a la Regi\u00f3n Sanitaria IV llevar\u00e1 adelante esta semana una campa\u00f1a intensiva de vacunaci\u00f3n en el marco de la \u00abSemana de la vacunaci\u00f3n en las Am\u00e9ricas\u00bb. El objetivo es extender el horario de vacunaci\u00f3n ya vigente en los Centro de Salud y las [&hellip;]<\/p>\n","protected":false},"author":4,"featured_media":95114,"comment_status":"closed","ping_status":"closed","sticky":false,"template":"","format":"standard","meta":{"om_disable_all_campaigns":false,"_jetpack_memberships_contains_paid_content":false,"footnotes":""},"categories":[50,101,2],"tags":[197,696,33,19],"class_list":["post-106322","post","type-post","status-publish","format-standard","has-post-thumbnail","hentry","category-destacadas","category-interes-general-locales","category-locales","tag-buenos-aires","tag-interes-general","tag-locales","tag-san-pedro"],"aioseo_notices":[],"gutentor_comment":0,"jetpack_featured_media_url":"https:\/\/eldiariodesanpedro.com.ar\/sitio\/wp-content\/uploads\/2021\/07\/vacunacion-buenos-aires-vacuna.jpg","jetpack_shortlink":"https:\/\/wp.me\/p6RhLt-rES","jetpack_sharing_enabled":true,"_links":{"self":[{"href":"https:\/\/eldiariodesanpedro.com.ar\/sitio\/wp-json\/wp\/v2\/posts\/106322","targetHints":{"allow":["GET"]}}],"collection":[{"href":"https:\/\/eldiariodesanpedro.com.ar\/sitio\/wp-json\/wp\/v2\/posts"}],"about":[{"href":"https:\/\/eldiariodesanpedro.com.ar\/sitio\/wp-json\/wp\/v2\/types\/post"}],"author":[{"embeddable":true,"href":"https:\/\/eldiariodesanpedro.com.ar\/sitio\/wp-json\/wp\/v2\/users\/4"}],"replies":[{"embeddable":true,"href":"https:\/\/eldiariodesanpedro.com.ar\/sitio\/wp-json\/wp\/v2\/comments?post=106322"}],"version-history":[{"count":1,"href":"https:\/\/eldiariodesanpedro.com.ar\/sitio\/wp-json\/wp\/v2\/posts\/106322\/revisions"}],"predecessor-version":[{"id":106323,"href":"https:\/\/eldiariodesanpedro.com.ar\/sitio\/wp-json\/wp\/v2\/posts\/106322\/revisions\/106323"}],"wp:featuredmedia":[{"embeddable":true,"href":"https:\/\/eldiariodesanpedro.com.ar\/sitio\/wp-json\/wp\/v2\/media\/95114"}],"wp:attachment":[{"href":"https:\/\/eldiariodesanpedro.com.ar\/sitio\/wp-json\/wp\/v2\/media?parent=106322"}],"wp:term":[{"taxonomy":"category","embeddable":true,"href":"https:\/\/eldiariodesanpedro.com.ar\/sitio\/wp-json\/wp\/v2\/categories?post=106322"},{"taxonomy":"post_tag","embeddable":true,"href":"https:\/\/eldiariodesanpedro.com.ar\/sitio\/wp-json\/wp\/v2\/tags?post=106322"}],"curies":[{"name":"wp","href":"https:\/\/api.w.org\/{rel}","templated":true}]}}