{"id":106318,"date":"2022-04-22T18:55:53","date_gmt":"2022-04-22T21:55:53","guid":{"rendered":"https:\/\/eldiariodesanpedro.com.ar\/sitio\/?p=106318"},"modified":"2026-01-23T23:14:31","modified_gmt":"2026-01-24T02:14:31","slug":"hcd-florencia-sanchez-tendra-su-propio-bloque-conviccion-y-coherencia","status":"publish","type":"post","link":"https:\/\/eldiariodesanpedro.com.ar\/sitio\/hcd-florencia-sanchez-tendra-su-propio-bloque-conviccion-y-coherencia\/","title":{"rendered":"HCD: Florencia S\u00e1nchez tendr\u00e1 su propio bloque \u201cConvicci\u00f3n y Coherencia\u201d"},"content":{"rendered":"<!-- VideographyWP Plugin Message: Automatic video embedding prevented by plugin options. -->\n\n<p>La concejal justicialista confirm\u00f3 en el aire de FM G\u00e9nesis que debido a las diferencias que mantiene con el sector se apartar\u00e1 el bloque del Frente de Todos porque est\u00e1 reglamentado y si no acudir\u00e1 a la justicia. Adem\u00e1s reclam\u00f3 la inacci\u00f3n de la Secretar\u00eda de G\u00e9nero.<\/p>\n\n\n\n<p>En los pr\u00f3ximos d\u00edas la concejal Florencia S\u00e1nchez har\u00e1 efectiva la conformaci\u00f3n de un monobloque que en definitiva deja en claro las diferencias generadas con sus pares del Frente de Todos.<\/p>\n\n\n\n<p>La funcionaria, durante una entrevista en el programa \u201cPrimera Plana\u201d, que se emite todas las ma\u00f1ana en FM G\u00e9nesis, confirm\u00f3 que se aparta del bloque y conformar\u00e1 el propio bajo la denominaci\u00f3n \u201cConvicci\u00f3n y Coherencia\u201d.<\/p>\n\n\n\n<p>\u201cEl reglamento me lo permite y si es necesario voy acudir a la justicia\u201d, manifest\u00f3.<\/p>\n\n\n\n<p>Por otra parte S\u00e1nchez se\u00f1al\u00f3 que sigue trabando en los pasillos del HCD porque a\u00fan no le ha sido asignada una dependencia para \u201cpoder recibir a los vecinos\u201d.<\/p>\n\n\n\n<p>\u201cMe dijeron de hacerlo en la sala de reuniones pero ese no es el lugar adecuado para trabajar con comodidad\u201d.<\/p>\n\n\n\n<p>Sobre este tema la concejal reclam\u00f3 la inacci\u00f3n de la Secretar\u00eda de G\u00e9nero debido a que entiende que el \u00e1rea deber\u00eda intervenir ante el destrato que est\u00e1 recibiendo. &nbsp;<\/p>\n","protected":false},"excerpt":{"rendered":"<p>La concejal justicialista confirm\u00f3 en el aire de FM G\u00e9nesis que debido a las diferencias que mantiene con el sector se apartar\u00e1 el bloque del Frente de Todos porque est\u00e1 reglamentado y si no acudir\u00e1 a la justicia. Adem\u00e1s reclam\u00f3 la inacci\u00f3n de la Secretar\u00eda de G\u00e9nero. En los pr\u00f3ximos d\u00edas la concejal Florencia S\u00e1nchez [&hellip;]<\/p>\n","protected":false},"author":4,"featured_media":106319,"comment_status":"closed","ping_status":"closed","sticky":false,"template":"","format":"standard","meta":{"om_disable_all_campaigns":false,"_jetpack_memberships_contains_paid_content":false,"footnotes":""},"categories":[3],"tags":[197,696,33,19],"class_list":["post-106318","post","type-post","status-publish","format-standard","has-post-thumbnail","hentry","category-nacionales","tag-buenos-aires","tag-interes-general","tag-locales","tag-san-pedro"],"aioseo_notices":[],"gutentor_comment":0,"jetpack_featured_media_url":"https:\/\/eldiariodesanpedro.com.ar\/sitio\/wp-content\/uploads\/2022\/04\/Florencia-Sanchez.jpg","jetpack_shortlink":"https:\/\/wp.me\/p6RhLt-rEO","jetpack_sharing_enabled":true,"_links":{"self":[{"href":"https:\/\/eldiariodesanpedro.com.ar\/sitio\/wp-json\/wp\/v2\/posts\/106318","targetHints":{"allow":["GET"]}}],"collection":[{"href":"https:\/\/eldiariodesanpedro.com.ar\/sitio\/wp-json\/wp\/v2\/posts"}],"about":[{"href":"https:\/\/eldiariodesanpedro.com.ar\/sitio\/wp-json\/wp\/v2\/types\/post"}],"author":[{"embeddable":true,"href":"https:\/\/eldiariodesanpedro.com.ar\/sitio\/wp-json\/wp\/v2\/users\/4"}],"replies":[{"embeddable":true,"href":"https:\/\/eldiariodesanpedro.com.ar\/sitio\/wp-json\/wp\/v2\/comments?post=106318"}],"version-history":[{"count":2,"href":"https:\/\/eldiariodesanpedro.com.ar\/sitio\/wp-json\/wp\/v2\/posts\/106318\/revisions"}],"predecessor-version":[{"id":106321,"href":"https:\/\/eldiariodesanpedro.com.ar\/sitio\/wp-json\/wp\/v2\/posts\/106318\/revisions\/106321"}],"wp:featuredmedia":[{"embeddable":true,"href":"https:\/\/eldiariodesanpedro.com.ar\/sitio\/wp-json\/wp\/v2\/media\/106319"}],"wp:attachment":[{"href":"https:\/\/eldiariodesanpedro.com.ar\/sitio\/wp-json\/wp\/v2\/media?parent=106318"}],"wp:term":[{"taxonomy":"category","embeddable":true,"href":"https:\/\/eldiariodesanpedro.com.ar\/sitio\/wp-json\/wp\/v2\/categories?post=106318"},{"taxonomy":"post_tag","embeddable":true,"href":"https:\/\/eldiariodesanpedro.com.ar\/sitio\/wp-json\/wp\/v2\/tags?post=106318"}],"curies":[{"name":"wp","href":"https:\/\/api.w.org\/{rel}","templated":true}]}}