{"id":106303,"date":"2022-04-22T10:29:50","date_gmt":"2022-04-22T13:29:50","guid":{"rendered":"https:\/\/eldiariodesanpedro.com.ar\/sitio\/?p=106303"},"modified":"2022-04-22T10:29:50","modified_gmt":"2022-04-22T13:29:50","slug":"alerta-por-intrusiones-en-el-predio-del-nuevo-transformador-de-coopser","status":"publish","type":"post","link":"https:\/\/eldiariodesanpedro.com.ar\/sitio\/alerta-por-intrusiones-en-el-predio-del-nuevo-transformador-de-coopser\/","title":{"rendered":"Alerta por intrusiones en el predio del nuevo transformador de Coopser"},"content":{"rendered":"<!-- VideographyWP Plugin Message: Automatic video embedding prevented by plugin options. -->\n\n<p>Ante la detecci\u00f3n de da\u00f1os en el alambrado perimetral del predio ubicado en Independencia y Calle 70, en el que fue colocado el nuevo transformador de 5 MVA de COOPSER, se informa que el acceso a ese espacio&nbsp;<strong>es sumamente peligroso.<\/strong><\/p>\n\n\n\n<p>Las instalaciones cuentan con se\u00f1al\u00e9tica y todas las protecciones correspondientes, no obstante se reforzar\u00e1n las medidas de seguridad para evitar hechos de vandalismo.<\/p>\n\n\n\n<p>El ingreso al lugar est\u00e1 habilitado s\u00f3lo al personal de la Cooperativa y cuenta con monitoreo de seguridad, sin embargo, intentar manipular el equipamiento&nbsp;<strong>implica un alto riesgo<\/strong>.<\/p>\n","protected":false},"excerpt":{"rendered":"<p>Ante la detecci\u00f3n de da\u00f1os en el alambrado perimetral del predio ubicado en Independencia y Calle 70, en el que fue colocado el nuevo transformador de 5 MVA de COOPSER, se informa que el acceso a ese espacio&nbsp;es sumamente peligroso. Las instalaciones cuentan con se\u00f1al\u00e9tica y todas las protecciones correspondientes, no obstante se reforzar\u00e1n las [&hellip;]<\/p>\n","protected":false},"author":4,"featured_media":106304,"comment_status":"closed","ping_status":"closed","sticky":false,"template":"","format":"standard","meta":{"om_disable_all_campaigns":false,"_jetpack_memberships_contains_paid_content":false,"footnotes":""},"categories":[101,2],"tags":[197,696,33,19],"class_list":["post-106303","post","type-post","status-publish","format-standard","has-post-thumbnail","hentry","category-interes-general-locales","category-locales","tag-buenos-aires","tag-interes-general","tag-locales","tag-san-pedro"],"aioseo_notices":[],"gutentor_comment":0,"jetpack_featured_media_url":"https:\/\/eldiariodesanpedro.com.ar\/sitio\/wp-content\/uploads\/2022\/04\/alerta.jpeg","jetpack_shortlink":"https:\/\/wp.me\/p6RhLt-rEz","jetpack_sharing_enabled":true,"_links":{"self":[{"href":"https:\/\/eldiariodesanpedro.com.ar\/sitio\/wp-json\/wp\/v2\/posts\/106303","targetHints":{"allow":["GET"]}}],"collection":[{"href":"https:\/\/eldiariodesanpedro.com.ar\/sitio\/wp-json\/wp\/v2\/posts"}],"about":[{"href":"https:\/\/eldiariodesanpedro.com.ar\/sitio\/wp-json\/wp\/v2\/types\/post"}],"author":[{"embeddable":true,"href":"https:\/\/eldiariodesanpedro.com.ar\/sitio\/wp-json\/wp\/v2\/users\/4"}],"replies":[{"embeddable":true,"href":"https:\/\/eldiariodesanpedro.com.ar\/sitio\/wp-json\/wp\/v2\/comments?post=106303"}],"version-history":[{"count":1,"href":"https:\/\/eldiariodesanpedro.com.ar\/sitio\/wp-json\/wp\/v2\/posts\/106303\/revisions"}],"predecessor-version":[{"id":106305,"href":"https:\/\/eldiariodesanpedro.com.ar\/sitio\/wp-json\/wp\/v2\/posts\/106303\/revisions\/106305"}],"wp:featuredmedia":[{"embeddable":true,"href":"https:\/\/eldiariodesanpedro.com.ar\/sitio\/wp-json\/wp\/v2\/media\/106304"}],"wp:attachment":[{"href":"https:\/\/eldiariodesanpedro.com.ar\/sitio\/wp-json\/wp\/v2\/media?parent=106303"}],"wp:term":[{"taxonomy":"category","embeddable":true,"href":"https:\/\/eldiariodesanpedro.com.ar\/sitio\/wp-json\/wp\/v2\/categories?post=106303"},{"taxonomy":"post_tag","embeddable":true,"href":"https:\/\/eldiariodesanpedro.com.ar\/sitio\/wp-json\/wp\/v2\/tags?post=106303"}],"curies":[{"name":"wp","href":"https:\/\/api.w.org\/{rel}","templated":true}]}}