{"id":106300,"date":"2022-04-22T10:26:27","date_gmt":"2022-04-22T13:26:27","guid":{"rendered":"https:\/\/eldiariodesanpedro.com.ar\/sitio\/?p=106300"},"modified":"2022-04-22T10:26:28","modified_gmt":"2022-04-22T13:26:28","slug":"la-cgt-solicita-la-inmediata-liberacion-de-cabaleyro","status":"publish","type":"post","link":"https:\/\/eldiariodesanpedro.com.ar\/sitio\/la-cgt-solicita-la-inmediata-liberacion-de-cabaleyro\/","title":{"rendered":"La CGT solicita \u201cla inmediata liberaci\u00f3n\u201d de Cabaleyro"},"content":{"rendered":"<!-- VideographyWP Plugin Message: Automatic video embedding prevented by plugin options. -->\n\n<p>El Consejo Directivo de la Confederaci\u00f3n General del Trabajo de la Rep\u00fablica Argentina Delegaci\u00f3n Regional San Nicol\u00e1s-Ramallo, emiti\u00f3 un comunicado respecto de la situaci\u00f3n procesal del dirigente sindical y concejal Maximiliano Cabaleyro.<\/p>\n\n\n\n<p>\u201cLa Confederaci\u00f3n General del Trabajo sostiene el respeto irrestricto al Estado de Derecho, siendo la actividad de la Justicia, un Poder esencial del Estado. La actividad jurisdiccional debe ser ejercida en cumplimiento de la Constituci\u00f3n Nacional, pactos internacionales y legislaci\u00f3n general, y el respeto por las normas debe ser la base de todas las relaciones humanas, en donde la paz social es el pilar fundamental del crecimiento de nuestro pa\u00eds\u201d.<\/p>\n\n\n\n<p>\u201cA nadie escapa que la actividad pol\u00edtica jurisdiccional, muchas veces ha dependido del color o tinte pol\u00edtico de quienes gobiernan. Siendo un hecho bochornoso, c\u00f3mo funcionarios pol\u00edticos en una mesa decid\u00edan a modo de un reality show, el armado de causas judiciales persiguiendo a dirigentes sindicales\u201d.<\/p>\n\n\n\n<p>\u201cAhora bien. En este contexto la detenci\u00f3n y p\u00e9rdida de la libertad de una persona, debe darse respetando tres principios constitucionales: La igualdad ante la ley, El debido proceso legal y el principio de inocencia: nadie es culpable hasta que se demuestre lo contrario\u201d.<\/p>\n\n\n\n<p>\u201cLas normas procesales exigen un an\u00e1lisis meticuloso para disponer de la medida cautelar de la p\u00e9rdida de libertad ambulatoria mientras se sustancia el proceso, donde cobran especial relevancia las cuestiones relacionadas con el entorpecimiento de la investigaci\u00f3n y el riesgo de fuga\u201d.<\/p>\n\n\n\n<p>\u201cEn el caso del compa\u00f1ero Cabaleyro, siendo secretario general de un gremio, por elecciones libres y democr\u00e1ticas, y concejal en ejercicio, en elecciones libres y democr\u00e1ticas, con arraigo familiar en esta ciudad, hecho de p\u00fablico y notorio conocimiento; y quien no ha dado muestras de una f\u00e9rrea defensa, no ha ofrecido pruebas, ni discutido la calificaci\u00f3n legal de los hechos, solo se limit\u00f3 a estar en derecho, y ponerse prontamente a disposici\u00f3n de la autoridad, de ninguna manera podr\u00eda entorpecer la Investigaci\u00f3n Penal Preparatoria\u201d.<\/p>\n\n\n\n<p>\u201cLa CGT se solidariza con el gremio hermano de Camioneros, en la evidencia de que hay una intencionalidad que excede el marco de la causa judicial, ya que lejos de analizarse con la estrictez que la medida cautelar ameritaba, se soslay\u00f3 la calidad de concejal en ejercicio, y se tuvieron en cuenta par\u00e1metros absurdos en el an\u00e1lisis de la detenci\u00f3n, ya que la misma deviene innecesaria ante las situaciones objetivas de arraigo y de ausencia de entorpecimiento de la investigaci\u00f3n penal, pidiendo la inmediata liberaci\u00f3n hasta que concluya la investigaci\u00f3n y eventualmente en debate oral, con las garant\u00edas del debido proceso, se haga cesar el estado de inocencia\u201d.<a href=\"https:\/\/www.facebook.com\/sharer.php?u=https%3A%2F%2Fnortebonaerense.com.ar%2F2022%2F04%2F22%2Fsan-nicolas-la-cgt-solicita-la-inmediata-liberacion-de-cabaleyro%2F\"><\/a><\/p>\n","protected":false},"excerpt":{"rendered":"<p>El Consejo Directivo de la Confederaci\u00f3n General del Trabajo de la Rep\u00fablica Argentina Delegaci\u00f3n Regional San Nicol\u00e1s-Ramallo, emiti\u00f3 un comunicado respecto de la situaci\u00f3n procesal del dirigente sindical y concejal Maximiliano Cabaleyro. \u201cLa Confederaci\u00f3n General del Trabajo sostiene el respeto irrestricto al Estado de Derecho, siendo la actividad de la Justicia, un Poder esencial del [&hellip;]<\/p>\n","protected":false},"author":4,"featured_media":106301,"comment_status":"closed","ping_status":"closed","sticky":false,"template":"","format":"standard","meta":{"om_disable_all_campaigns":false,"_jetpack_memberships_contains_paid_content":false,"footnotes":""},"categories":[50,101,2],"tags":[197,696,33,19],"class_list":["post-106300","post","type-post","status-publish","format-standard","has-post-thumbnail","hentry","category-destacadas","category-interes-general-locales","category-locales","tag-buenos-aires","tag-interes-general","tag-locales","tag-san-pedro"],"aioseo_notices":[],"gutentor_comment":0,"jetpack_featured_media_url":"https:\/\/eldiariodesanpedro.com.ar\/sitio\/wp-content\/uploads\/2022\/04\/cabaleiro.jpg","jetpack_shortlink":"https:\/\/wp.me\/p6RhLt-rEw","jetpack_sharing_enabled":true,"_links":{"self":[{"href":"https:\/\/eldiariodesanpedro.com.ar\/sitio\/wp-json\/wp\/v2\/posts\/106300","targetHints":{"allow":["GET"]}}],"collection":[{"href":"https:\/\/eldiariodesanpedro.com.ar\/sitio\/wp-json\/wp\/v2\/posts"}],"about":[{"href":"https:\/\/eldiariodesanpedro.com.ar\/sitio\/wp-json\/wp\/v2\/types\/post"}],"author":[{"embeddable":true,"href":"https:\/\/eldiariodesanpedro.com.ar\/sitio\/wp-json\/wp\/v2\/users\/4"}],"replies":[{"embeddable":true,"href":"https:\/\/eldiariodesanpedro.com.ar\/sitio\/wp-json\/wp\/v2\/comments?post=106300"}],"version-history":[{"count":1,"href":"https:\/\/eldiariodesanpedro.com.ar\/sitio\/wp-json\/wp\/v2\/posts\/106300\/revisions"}],"predecessor-version":[{"id":106302,"href":"https:\/\/eldiariodesanpedro.com.ar\/sitio\/wp-json\/wp\/v2\/posts\/106300\/revisions\/106302"}],"wp:featuredmedia":[{"embeddable":true,"href":"https:\/\/eldiariodesanpedro.com.ar\/sitio\/wp-json\/wp\/v2\/media\/106301"}],"wp:attachment":[{"href":"https:\/\/eldiariodesanpedro.com.ar\/sitio\/wp-json\/wp\/v2\/media?parent=106300"}],"wp:term":[{"taxonomy":"category","embeddable":true,"href":"https:\/\/eldiariodesanpedro.com.ar\/sitio\/wp-json\/wp\/v2\/categories?post=106300"},{"taxonomy":"post_tag","embeddable":true,"href":"https:\/\/eldiariodesanpedro.com.ar\/sitio\/wp-json\/wp\/v2\/tags?post=106300"}],"curies":[{"name":"wp","href":"https:\/\/api.w.org\/{rel}","templated":true}]}}