{"id":106297,"date":"2022-04-22T10:21:24","date_gmt":"2022-04-22T13:21:24","guid":{"rendered":"https:\/\/eldiariodesanpedro.com.ar\/sitio\/?p=106297"},"modified":"2022-04-22T10:21:24","modified_gmt":"2022-04-22T13:21:24","slug":"el-hospital-privado-sadiv-habilita-su-vacunatorio-para-todo-publico","status":"publish","type":"post","link":"https:\/\/eldiariodesanpedro.com.ar\/sitio\/el-hospital-privado-sadiv-habilita-su-vacunatorio-para-todo-publico\/","title":{"rendered":"El hospital privado Sadiv habilita su vacunatorio para todo p\u00fablico"},"content":{"rendered":"<!-- VideographyWP Plugin Message: Automatic video embedding prevented by plugin options. -->\n\n<p>Fue la Dra. Romina Baquin quien lo adelant\u00f3 en una entrevista brindada en el programa Urbano, que se emite todas las tardes en FM G\u00e9nesis. Ser\u00e1 a partir del 25 de abril y dentro del calendario nacional.<\/p>\n\n\n\n<p>El Hospital Privado Sadiv suma un nuevo servicio a favor de la comunidad y es que en pocos d\u00edas todo el que lo desee podr\u00e1 aplicarse cualquier vacuna que pertenezca al calendario nacional.<\/p>\n\n\n\n<p>\u201cTraigo novedades y podemos decir que es una primicia ya que a partir del lunes 25 de abril vamos a inaugurar el vacunatorio para todo el p\u00fablico\u201d, adelant\u00f3 la pediatra en el inicio de la entrevista.<\/p>\n\n\n\n<p>\u201cVa a funcionar dentro del hospital privado SADIV con ingreso por la calle Uruguay, donde va a ser a futuro la guardia, por lo tanto va a tener un ingreso independiente que el resto de los pacientes que recurran a la instituci\u00f3n y va a ser por orden de llegada\u201d.<\/p>\n\n\n\n<p>\u201cLa novedad no es que sea dentro de SADIV o que sea un vacunatorio por orden de llegada, sino que a pesar de estar adentro de una instituci\u00f3n que es privada, la vacunaci\u00f3n se va a sumar al plan nacional de vacunaci\u00f3n que es gratuito, obligatorio y p\u00fablico para toda la poblaci\u00f3n\u201d.<\/p>\n\n\n\n<p>\u201cNo habr\u00e1 necesidad de llevar orden m\u00e9dica, el paciente va a tener que ir con el DNI y el carnet de vacunas, y se le va a colocar seg\u00fan el calendario nacional que correspondan para su edad. Y no es solamente dirigido a ni\u00f1os, sino que es dirigido a toda la poblaci\u00f3n que le corresponda alguna vacuna por calendario, o sea reci\u00e9n nacidos, ni\u00f1os, adolescentes, adultos, adultos mayores, embarazadas, mujeres en puerperio\u201d, confirm\u00f3.<\/p>\n\n\n\n<p>\u201cVamos a tener todas las vacunas del plan nacional, o sea que todas las vacunas que uno se coloca en cualquier vacunatorio se las va a poder aplicar en nuestra instituci\u00f3n\u201d.<\/p>\n\n\n\n<p>\u201cEs para podernos sumar a los vacunatorios p\u00fablicos de la ciudad y vamos a funcionar de 14 a 17 horas\u201d.<\/p>\n\n\n\n<p>\u201cAs\u00ed que dentro de una instituci\u00f3n privada ofreceremos<\/p>\n\n\n\n<p>una vacunaci\u00f3n p\u00fablica, es decir que las personas que vayan con su DNI y el<\/p>\n\n\n\n<p>carnet de vacunas correspondiente podr\u00e1n aplicarse la dosis que necesiten\u201d,<\/p>\n\n\n\n<p>se\u00f1al\u00f3 la Dra. Baquin.<\/p>\n\n\n\n<p>Fuente: <a href=\"https:\/\/www.sanpedroinforma.com.ar\/news-124904-exclusivo-el-hospital-privado-sadiv-habilita-su-vacunatorio-para-todo-p%C3%BAblico\">San Pedro informa<\/a><\/p>\n","protected":false},"excerpt":{"rendered":"<p>Fue la Dra. Romina Baquin quien lo adelant\u00f3 en una entrevista brindada en el programa Urbano, que se emite todas las tardes en FM G\u00e9nesis. Ser\u00e1 a partir del 25 de abril y dentro del calendario nacional. El Hospital Privado Sadiv suma un nuevo servicio a favor de la comunidad y es que en pocos [&hellip;]<\/p>\n","protected":false},"author":4,"featured_media":106298,"comment_status":"closed","ping_status":"closed","sticky":false,"template":"","format":"standard","meta":{"om_disable_all_campaigns":false,"_jetpack_memberships_contains_paid_content":false,"footnotes":""},"categories":[50,101,2],"tags":[197,696,33,19],"class_list":["post-106297","post","type-post","status-publish","format-standard","has-post-thumbnail","hentry","category-destacadas","category-interes-general-locales","category-locales","tag-buenos-aires","tag-interes-general","tag-locales","tag-san-pedro"],"aioseo_notices":[],"gutentor_comment":0,"jetpack_featured_media_url":"https:\/\/eldiariodesanpedro.com.ar\/sitio\/wp-content\/uploads\/2022\/04\/183073887_737063080297042_8640134725065283224_n.jpg","jetpack_shortlink":"https:\/\/wp.me\/p6RhLt-rEt","jetpack_sharing_enabled":true,"_links":{"self":[{"href":"https:\/\/eldiariodesanpedro.com.ar\/sitio\/wp-json\/wp\/v2\/posts\/106297","targetHints":{"allow":["GET"]}}],"collection":[{"href":"https:\/\/eldiariodesanpedro.com.ar\/sitio\/wp-json\/wp\/v2\/posts"}],"about":[{"href":"https:\/\/eldiariodesanpedro.com.ar\/sitio\/wp-json\/wp\/v2\/types\/post"}],"author":[{"embeddable":true,"href":"https:\/\/eldiariodesanpedro.com.ar\/sitio\/wp-json\/wp\/v2\/users\/4"}],"replies":[{"embeddable":true,"href":"https:\/\/eldiariodesanpedro.com.ar\/sitio\/wp-json\/wp\/v2\/comments?post=106297"}],"version-history":[{"count":1,"href":"https:\/\/eldiariodesanpedro.com.ar\/sitio\/wp-json\/wp\/v2\/posts\/106297\/revisions"}],"predecessor-version":[{"id":106299,"href":"https:\/\/eldiariodesanpedro.com.ar\/sitio\/wp-json\/wp\/v2\/posts\/106297\/revisions\/106299"}],"wp:featuredmedia":[{"embeddable":true,"href":"https:\/\/eldiariodesanpedro.com.ar\/sitio\/wp-json\/wp\/v2\/media\/106298"}],"wp:attachment":[{"href":"https:\/\/eldiariodesanpedro.com.ar\/sitio\/wp-json\/wp\/v2\/media?parent=106297"}],"wp:term":[{"taxonomy":"category","embeddable":true,"href":"https:\/\/eldiariodesanpedro.com.ar\/sitio\/wp-json\/wp\/v2\/categories?post=106297"},{"taxonomy":"post_tag","embeddable":true,"href":"https:\/\/eldiariodesanpedro.com.ar\/sitio\/wp-json\/wp\/v2\/tags?post=106297"}],"curies":[{"name":"wp","href":"https:\/\/api.w.org\/{rel}","templated":true}]}}