{"id":106293,"date":"2022-04-22T10:10:40","date_gmt":"2022-04-22T13:10:40","guid":{"rendered":"https:\/\/eldiariodesanpedro.com.ar\/sitio\/?p=106293"},"modified":"2022-04-22T10:10:41","modified_gmt":"2022-04-22T13:10:41","slug":"reunion-en-el-ministerio-de-educacion-para-gestionar-nuevos-recursos-para-san-pedro","status":"publish","type":"post","link":"https:\/\/eldiariodesanpedro.com.ar\/sitio\/reunion-en-el-ministerio-de-educacion-para-gestionar-nuevos-recursos-para-san-pedro\/","title":{"rendered":"Reuni\u00f3n en el Ministerio de Educaci\u00f3n para gestionar nuevos recursos para San Pedro"},"content":{"rendered":"<!-- VideographyWP Plugin Message: Automatic video embedding prevented by plugin options. -->\n\n<p>En el d\u00eda de hoy se reunieron en el Palacio Sarmiento, sede del Ministerio de Educaci\u00f3n de la Naci\u00f3n, el Lic. Alejandro Garay Subsecretario del Ministerio de Educaci\u00f3n de la Naci\u00f3n, Andrea Garc\u00eda, Secretaria de Cooperaci\u00f3n y Acciones Prioritarias y Rafael P\u00e9rez Mu\u00f1oz, Director en Secretar\u00eda de Educaci\u00f3n Social y Cultural del Ministerio, con el ex Intendente y miembro del Directorio de Trenes Argentinos Cargas Cecilio Salazar y el Prof. Alan Ocampo, Secretario Coordinador del Consejo Provincial de Educaci\u00f3n y Trabajo.<\/p>\n\n\n\n<p>Se abordaron diferentes temas vinculados a la Planificaci\u00f3n Estrat\u00e9gica Educativa del Gobierno Nacional y al desarrollo territorial de la misma.<\/p>\n\n\n\n<p>En el encuentro se acord\u00f3 la firma de un \u201cConvenio Marco\u201d para la remisi\u00f3n de recursos de infraestructura, programas y FoRes (Fondos de Reacondicionamiento de Espacios Escolares) para el distrito de San Pedro.<\/p>\n\n\n\n<p>Estas gestiones tienen como finalidad, continuar trabajando para garantizar una educaci\u00f3n de calidad, integral e Inclusiva.<\/p>\n\n\n\n<figure class=\"wp-block-image size-full\"><img decoding=\"async\" width=\"840\" height=\"630\" data-attachment-id=\"106295\" data-permalink=\"https:\/\/eldiariodesanpedro.com.ar\/sitio\/reunion-en-el-ministerio-de-educacion-para-gestionar-nuevos-recursos-para-san-pedro\/whatsapp-image-2022-04-21-at-8-55-50-pm\/\" data-orig-file=\"https:\/\/eldiariodesanpedro.com.ar\/sitio\/wp-content\/uploads\/2022\/04\/WhatsApp-Image-2022-04-21-at-8.55.50-PM.jpeg\" data-orig-size=\"840,630\" data-comments-opened=\"0\" data-image-meta=\"{&quot;aperture&quot;:&quot;0&quot;,&quot;credit&quot;:&quot;&quot;,&quot;camera&quot;:&quot;&quot;,&quot;caption&quot;:&quot;&quot;,&quot;created_timestamp&quot;:&quot;0&quot;,&quot;copyright&quot;:&quot;&quot;,&quot;focal_length&quot;:&quot;0&quot;,&quot;iso&quot;:&quot;0&quot;,&quot;shutter_speed&quot;:&quot;0&quot;,&quot;title&quot;:&quot;&quot;,&quot;orientation&quot;:&quot;0&quot;}\" data-image-title=\"WhatsApp Image 2022-04-21 at 8.55.50 PM\" data-image-description=\"\" data-image-caption=\"\" data-large-file=\"https:\/\/eldiariodesanpedro.com.ar\/sitio\/wp-content\/uploads\/2022\/04\/WhatsApp-Image-2022-04-21-at-8.55.50-PM.jpeg\" data-src=\"https:\/\/eldiariodesanpedro.com.ar\/sitio\/wp-content\/uploads\/2022\/04\/WhatsApp-Image-2022-04-21-at-8.55.50-PM.jpeg\" alt=\"\" class=\"wp-image-106295 lazyload\" data-srcset=\"https:\/\/eldiariodesanpedro.com.ar\/sitio\/wp-content\/uploads\/2022\/04\/WhatsApp-Image-2022-04-21-at-8.55.50-PM.jpeg 840w, https:\/\/eldiariodesanpedro.com.ar\/sitio\/wp-content\/uploads\/2022\/04\/WhatsApp-Image-2022-04-21-at-8.55.50-PM-300x225.jpeg 300w, https:\/\/eldiariodesanpedro.com.ar\/sitio\/wp-content\/uploads\/2022\/04\/WhatsApp-Image-2022-04-21-at-8.55.50-PM-768x576.jpeg 768w\" data-sizes=\"(max-width: 840px) 100vw, 840px\" src=\"data:image\/svg+xml;base64,PHN2ZyB3aWR0aD0iMSIgaGVpZ2h0PSIxIiB4bWxucz0iaHR0cDovL3d3dy53My5vcmcvMjAwMC9zdmciPjwvc3ZnPg==\" style=\"--smush-placeholder-width: 840px; --smush-placeholder-aspect-ratio: 840\/630;\" \/><\/figure>\n","protected":false},"excerpt":{"rendered":"<p>En el d\u00eda de hoy se reunieron en el Palacio Sarmiento, sede del Ministerio de Educaci\u00f3n de la Naci\u00f3n, el Lic. Alejandro Garay Subsecretario del Ministerio de Educaci\u00f3n de la Naci\u00f3n, Andrea Garc\u00eda, Secretaria de Cooperaci\u00f3n y Acciones Prioritarias y Rafael P\u00e9rez Mu\u00f1oz, Director en Secretar\u00eda de Educaci\u00f3n Social y Cultural del Ministerio, con el [&hellip;]<\/p>\n","protected":false},"author":4,"featured_media":106294,"comment_status":"closed","ping_status":"closed","sticky":false,"template":"","format":"standard","meta":{"om_disable_all_campaigns":false,"_jetpack_memberships_contains_paid_content":false,"footnotes":""},"categories":[50,101,2],"tags":[197,696,33,19],"class_list":["post-106293","post","type-post","status-publish","format-standard","has-post-thumbnail","hentry","category-destacadas","category-interes-general-locales","category-locales","tag-buenos-aires","tag-interes-general","tag-locales","tag-san-pedro"],"aioseo_notices":[],"gutentor_comment":0,"jetpack_featured_media_url":"https:\/\/eldiariodesanpedro.com.ar\/sitio\/wp-content\/uploads\/2022\/04\/WhatsApp-Image-2022-04-21-at-8.55.49-PM.jpeg","jetpack_shortlink":"https:\/\/wp.me\/p6RhLt-rEp","jetpack_sharing_enabled":true,"_links":{"self":[{"href":"https:\/\/eldiariodesanpedro.com.ar\/sitio\/wp-json\/wp\/v2\/posts\/106293","targetHints":{"allow":["GET"]}}],"collection":[{"href":"https:\/\/eldiariodesanpedro.com.ar\/sitio\/wp-json\/wp\/v2\/posts"}],"about":[{"href":"https:\/\/eldiariodesanpedro.com.ar\/sitio\/wp-json\/wp\/v2\/types\/post"}],"author":[{"embeddable":true,"href":"https:\/\/eldiariodesanpedro.com.ar\/sitio\/wp-json\/wp\/v2\/users\/4"}],"replies":[{"embeddable":true,"href":"https:\/\/eldiariodesanpedro.com.ar\/sitio\/wp-json\/wp\/v2\/comments?post=106293"}],"version-history":[{"count":1,"href":"https:\/\/eldiariodesanpedro.com.ar\/sitio\/wp-json\/wp\/v2\/posts\/106293\/revisions"}],"predecessor-version":[{"id":106296,"href":"https:\/\/eldiariodesanpedro.com.ar\/sitio\/wp-json\/wp\/v2\/posts\/106293\/revisions\/106296"}],"wp:featuredmedia":[{"embeddable":true,"href":"https:\/\/eldiariodesanpedro.com.ar\/sitio\/wp-json\/wp\/v2\/media\/106294"}],"wp:attachment":[{"href":"https:\/\/eldiariodesanpedro.com.ar\/sitio\/wp-json\/wp\/v2\/media?parent=106293"}],"wp:term":[{"taxonomy":"category","embeddable":true,"href":"https:\/\/eldiariodesanpedro.com.ar\/sitio\/wp-json\/wp\/v2\/categories?post=106293"},{"taxonomy":"post_tag","embeddable":true,"href":"https:\/\/eldiariodesanpedro.com.ar\/sitio\/wp-json\/wp\/v2\/tags?post=106293"}],"curies":[{"name":"wp","href":"https:\/\/api.w.org\/{rel}","templated":true}]}}