{"id":106291,"date":"2022-04-22T09:56:32","date_gmt":"2022-04-22T12:56:32","guid":{"rendered":"https:\/\/eldiariodesanpedro.com.ar\/sitio\/?p=106291"},"modified":"2022-04-22T09:56:33","modified_gmt":"2022-04-22T12:56:33","slug":"anses-quienes-cobran-hoy-22-de-abril-jubilaciones-y-auh","status":"publish","type":"post","link":"https:\/\/eldiariodesanpedro.com.ar\/sitio\/anses-quienes-cobran-hoy-22-de-abril-jubilaciones-y-auh\/","title":{"rendered":"ANSES: qui\u00e9nes cobran hoy, 22 de abril, jubilaciones y AUH"},"content":{"rendered":"<!-- VideographyWP Plugin Message: Automatic video embedding prevented by plugin options. -->\n\n<p>Contin\u00faa el calendario de pagos de Anses correspondiente al mes de abril. Mir\u00e1 qui\u00e9nes cobran este viernes 22 de abril.<\/p>\n\n\n\n<p>La\u00a0<strong>Administraci\u00f3n Nacional de la Seguridad Social<\/strong>\u00a0(<strong>ANSES<\/strong>) contin\u00faa su\u00a0<strong>calendario de pagos<\/strong>\u00a0correspondiente al mes de\u00a0<strong>abril de 2022<\/strong>. En el mismo, constan las fechas de cobro de jubilaciones, pensiones, Asignaci\u00f3n Universal por Hijo (AUH), Asignaci\u00f3n Universal por Embarazo, Asignaciones Familiares, Pensiones No Contributivas y Programa Desempleo 1, 2 y 3, entre otros beneficios del organismo previsional.<\/p>\n\n\n\n<h3 class=\"wp-block-heading\">\u00bfQui\u00e9nes cobran Anses este 22 de abril?<\/h3>\n\n\n\n<p>Este d\u00eda h\u00e1bil de abril contin\u00faa el pago de jubilados y pensionados que cobran un monto menor a\u00a0<strong>$36.676.<\/strong>\u00a0Se trata del pago del haber correspondiente al mes en curso. Adem\u00e1s contin\u00faa el pago de los beneficiarios y beneficiarias de Asignaci\u00f3n Universal por Hijo (AUH) y Asignaci\u00f3n Universal por Embarazo (AUE)<\/p>\n\n\n\n<h3 class=\"wp-block-heading\">Cronograma de pagos para Abril 2022&nbsp;<strong>Jubilaciones y pensiones con haberes no superiores a $36.676<\/strong><\/h3>\n\n\n\n<ul class=\"wp-block-list\"><li>&nbsp;DNI terminado en 0: viernes 8 de abril<\/li><li>DNI terminado en 1: lunes 11 de abril<\/li><li>DNI terminado en 2: martes 12 de abril<\/li><\/ul>\n\n\n\n<ul class=\"wp-block-list\"><li>&nbsp;DNI terminado en 3 y 4: mi\u00e9rcoles 13 de abril<\/li><li>DNI terminado en 5: lunes 18 de abril<\/li><li>DNI terminado en 6: martes 19 de abril<\/li><li>DNI terminado en 7: mi\u00e9rcoles 20 de abril<\/li><li>DNI terminado en 8: jueves 21 de abril<\/li><li>DNI terminado en 9: viernes 22 de abril<\/li><\/ul>\n\n\n\n<h3 class=\"wp-block-heading\">Calendario\u00a0de pagos Asignaci\u00f3n Universal por Hijo (AUH) de ANSES<\/h3>\n\n\n\n<ul class=\"wp-block-list\"><li>DNI terminados en 0: viernes 8 de abril<\/li><li>DNI terminados en 1: lunes 11 de abril<\/li><li>DNI terminados en 2: martes 12 de abril<\/li><li>DNI terminados en 3: mi\u00e9rcoles 13 de abril<\/li><li>DNI terminados en 4: mi\u00e9rcoles 13 de abril<\/li><li>DNI terminados en 5: lunes 18 de abril<\/li><li>DNI terminados en 6: martes 19 de abril<\/li><li>DNI terminados en 7: mi\u00e9rcoles 20 de abril<\/li><li>DNI terminados en 8: jueves 21 de abril<\/li><li>DNI terminados en 9: viernes 22 de abril<\/li><\/ul>\n\n\n\n<h3 class=\"wp-block-heading\">Calendario de pagos Asignaci\u00f3n por Embarazo<\/h3>\n\n\n\n<ul class=\"wp-block-list\"><li>DNI terminados en 0: lunes 11 de abril<\/li><li>DNI terminados en 1: martes 12 de abril<\/li><li>DNI terminados en 2: mi\u00e9rcoles 13 de abril<\/li><li>DNI terminados en 3: mi\u00e9rcoles 13 de abril<\/li><li>DNI terminados en 4: lunes 18 de abril<\/li><li>DNI terminados en 5: martes 19 de abril<\/li><li>DNI terminados en 6: mi\u00e9rcoles 20 de abril<\/li><li>DNI terminados en 7: jueves 21 de abril<\/li><li>DNI terminados en 8: viernes 22 de abril<\/li><li>DNI terminados en 9: viernes 22 de abril<\/li><\/ul>\n\n\n\n<p>La Administraci\u00f3n Nacional de la Seguridad Social (Anses) record\u00f3 que si bien no tienen que solicitar turno para cobrar este beneficio, deben acercarse a la entidad bancaria \u00fanicamente en la fecha asignada.<\/p>\n\n\n\n<p>El pago de las Pensiones No Contributivas (PNC) finaliz\u00f3, en tanto el resto de las prestaciones comenzar\u00e1 su calendario de pagos en los pr\u00f3ximos d\u00edas.<\/p>\n\n\n\n<p><a href=\"https:\/\/media.infocielo.com\/p\/665b572fac7bc23a2792b98e2a2c1016\/adjuntos\/299\/imagenes\/001\/385\/0001385480\/887x0\/smart\/anses-programa-acercarjpg.jpg\"><\/a><\/p>\n","protected":false},"excerpt":{"rendered":"<p>Contin\u00faa el calendario de pagos de Anses correspondiente al mes de abril. Mir\u00e1 qui\u00e9nes cobran este viernes 22 de abril. La\u00a0Administraci\u00f3n Nacional de la Seguridad Social\u00a0(ANSES) contin\u00faa su\u00a0calendario de pagos\u00a0correspondiente al mes de\u00a0abril de 2022. En el mismo, constan las fechas de cobro de jubilaciones, pensiones, Asignaci\u00f3n Universal por Hijo (AUH), Asignaci\u00f3n Universal por Embarazo, [&hellip;]<\/p>\n","protected":false},"author":4,"featured_media":81057,"comment_status":"closed","ping_status":"closed","sticky":false,"template":"","format":"standard","meta":{"om_disable_all_campaigns":false,"_jetpack_memberships_contains_paid_content":false,"footnotes":""},"categories":[101,2],"tags":[197,696,33,19],"class_list":["post-106291","post","type-post","status-publish","format-standard","has-post-thumbnail","hentry","category-interes-general-locales","category-locales","tag-buenos-aires","tag-interes-general","tag-locales","tag-san-pedro"],"aioseo_notices":[],"gutentor_comment":0,"jetpack_featured_media_url":"https:\/\/eldiariodesanpedro.com.ar\/sitio\/wp-content\/uploads\/2020\/09\/15929411259273.jpg","jetpack_shortlink":"https:\/\/wp.me\/p6RhLt-rEn","jetpack_sharing_enabled":true,"_links":{"self":[{"href":"https:\/\/eldiariodesanpedro.com.ar\/sitio\/wp-json\/wp\/v2\/posts\/106291","targetHints":{"allow":["GET"]}}],"collection":[{"href":"https:\/\/eldiariodesanpedro.com.ar\/sitio\/wp-json\/wp\/v2\/posts"}],"about":[{"href":"https:\/\/eldiariodesanpedro.com.ar\/sitio\/wp-json\/wp\/v2\/types\/post"}],"author":[{"embeddable":true,"href":"https:\/\/eldiariodesanpedro.com.ar\/sitio\/wp-json\/wp\/v2\/users\/4"}],"replies":[{"embeddable":true,"href":"https:\/\/eldiariodesanpedro.com.ar\/sitio\/wp-json\/wp\/v2\/comments?post=106291"}],"version-history":[{"count":1,"href":"https:\/\/eldiariodesanpedro.com.ar\/sitio\/wp-json\/wp\/v2\/posts\/106291\/revisions"}],"predecessor-version":[{"id":106292,"href":"https:\/\/eldiariodesanpedro.com.ar\/sitio\/wp-json\/wp\/v2\/posts\/106291\/revisions\/106292"}],"wp:featuredmedia":[{"embeddable":true,"href":"https:\/\/eldiariodesanpedro.com.ar\/sitio\/wp-json\/wp\/v2\/media\/81057"}],"wp:attachment":[{"href":"https:\/\/eldiariodesanpedro.com.ar\/sitio\/wp-json\/wp\/v2\/media?parent=106291"}],"wp:term":[{"taxonomy":"category","embeddable":true,"href":"https:\/\/eldiariodesanpedro.com.ar\/sitio\/wp-json\/wp\/v2\/categories?post=106291"},{"taxonomy":"post_tag","embeddable":true,"href":"https:\/\/eldiariodesanpedro.com.ar\/sitio\/wp-json\/wp\/v2\/tags?post=106291"}],"curies":[{"name":"wp","href":"https:\/\/api.w.org\/{rel}","templated":true}]}}