{"id":106286,"date":"2022-04-21T20:17:03","date_gmt":"2022-04-21T23:17:03","guid":{"rendered":"https:\/\/eldiariodesanpedro.com.ar\/sitio\/?p=106286"},"modified":"2022-04-21T20:17:04","modified_gmt":"2022-04-21T23:17:04","slug":"otra-vez-una-persona-perdio-la-vida-atropellada-en-la-ruta-nacional-9","status":"publish","type":"post","link":"https:\/\/eldiariodesanpedro.com.ar\/sitio\/otra-vez-una-persona-perdio-la-vida-atropellada-en-la-ruta-nacional-9\/","title":{"rendered":"Otra vez una persona perdi\u00f3 la vida atropellada en la ruta nacional 9"},"content":{"rendered":"<!-- VideographyWP Plugin Message: Automatic video embedding prevented by plugin options. -->\n\n<p>n la tarde noche de este jueves ocurri\u00f3 nuevamente que una persona fue atropellada en la ruta nacional 9 a la altura de nuestra ciudad.<\/p>\n\n\n\n<p>El hecho tuvo lugar en el kil\u00f3metro 159 y trabajan en la zona la polic\u00eda vial a cargo de Diego Guzman y Policia Cient\u00edfica, por el momento no hubo informaci\u00f3n por parte de la comisar\u00eda local para determinar la identidad de la v\u00edctima.<\/p>\n\n\n\n<p>Ampliaremos la informaci\u00f3n una vez que se confirme la identidad del fallecido.<\/p>\n","protected":false},"excerpt":{"rendered":"<p>n la tarde noche de este jueves ocurri\u00f3 nuevamente que una persona fue atropellada en la ruta nacional 9 a la altura de nuestra ciudad. El hecho tuvo lugar en el kil\u00f3metro 159 y trabajan en la zona la polic\u00eda vial a cargo de Diego Guzman y Policia Cient\u00edfica, por el momento no hubo informaci\u00f3n [&hellip;]<\/p>\n","protected":false},"author":4,"featured_media":81809,"comment_status":"closed","ping_status":"closed","sticky":false,"template":"","format":"standard","meta":{"om_disable_all_campaigns":false,"_jetpack_memberships_contains_paid_content":false,"footnotes":""},"categories":[50,2,103],"tags":[197,33,95,19],"class_list":["post-106286","post","type-post","status-publish","format-standard","has-post-thumbnail","hentry","category-destacadas","category-locales","category-policiales-locales","tag-buenos-aires","tag-locales","tag-policiales","tag-san-pedro"],"aioseo_notices":[],"gutentor_comment":0,"jetpack_featured_media_url":"https:\/\/eldiariodesanpedro.com.ar\/sitio\/wp-content\/uploads\/2020\/10\/Captura.jpg","jetpack_shortlink":"https:\/\/wp.me\/p6RhLt-rEi","jetpack_sharing_enabled":true,"_links":{"self":[{"href":"https:\/\/eldiariodesanpedro.com.ar\/sitio\/wp-json\/wp\/v2\/posts\/106286","targetHints":{"allow":["GET"]}}],"collection":[{"href":"https:\/\/eldiariodesanpedro.com.ar\/sitio\/wp-json\/wp\/v2\/posts"}],"about":[{"href":"https:\/\/eldiariodesanpedro.com.ar\/sitio\/wp-json\/wp\/v2\/types\/post"}],"author":[{"embeddable":true,"href":"https:\/\/eldiariodesanpedro.com.ar\/sitio\/wp-json\/wp\/v2\/users\/4"}],"replies":[{"embeddable":true,"href":"https:\/\/eldiariodesanpedro.com.ar\/sitio\/wp-json\/wp\/v2\/comments?post=106286"}],"version-history":[{"count":1,"href":"https:\/\/eldiariodesanpedro.com.ar\/sitio\/wp-json\/wp\/v2\/posts\/106286\/revisions"}],"predecessor-version":[{"id":106287,"href":"https:\/\/eldiariodesanpedro.com.ar\/sitio\/wp-json\/wp\/v2\/posts\/106286\/revisions\/106287"}],"wp:featuredmedia":[{"embeddable":true,"href":"https:\/\/eldiariodesanpedro.com.ar\/sitio\/wp-json\/wp\/v2\/media\/81809"}],"wp:attachment":[{"href":"https:\/\/eldiariodesanpedro.com.ar\/sitio\/wp-json\/wp\/v2\/media?parent=106286"}],"wp:term":[{"taxonomy":"category","embeddable":true,"href":"https:\/\/eldiariodesanpedro.com.ar\/sitio\/wp-json\/wp\/v2\/categories?post=106286"},{"taxonomy":"post_tag","embeddable":true,"href":"https:\/\/eldiariodesanpedro.com.ar\/sitio\/wp-json\/wp\/v2\/tags?post=106286"}],"curies":[{"name":"wp","href":"https:\/\/api.w.org\/{rel}","templated":true}]}}