{"id":106283,"date":"2022-04-21T13:47:08","date_gmt":"2022-04-21T16:47:08","guid":{"rendered":"https:\/\/eldiariodesanpedro.com.ar\/sitio\/?p=106283"},"modified":"2022-04-21T13:47:09","modified_gmt":"2022-04-21T16:47:09","slug":"ramon-salazar-confirmo-la-posibilidad-del-regreso-del-rally-federal","status":"publish","type":"post","link":"https:\/\/eldiariodesanpedro.com.ar\/sitio\/ramon-salazar-confirmo-la-posibilidad-del-regreso-del-rally-federal\/","title":{"rendered":"Ram\u00f3n Salazar confirm\u00f3 la posibilidad del regreso del Rally Federal"},"content":{"rendered":"<!-- VideographyWP Plugin Message: Automatic video embedding prevented by plugin options. -->\n\n<p>El Intendente visit\u00f3 los estudios de FM G\u00e9nesis y entre otros temas reconoci\u00f3 que hay grandes posibilidades de que el rally vuelva a correrse por distintos caminos del partido.<\/p>\n\n\n\n<p>l Rally Federal fue una marca registrada para el calendario anual de la ciudad pero diferentes motivos hicieron que con el paso de los a\u00f1os las posibilidades se fueron diluyendo hasta que San Pedro dej\u00f3 de ser parte de su programaci\u00f3n.<\/p>\n\n\n\n<p>Ahora caben posibilidades de que las competencias vuelvan a disputarse en el partido y as\u00ed se lo hicieron saber a las autoridades municipales los propios organizadores. &nbsp;&nbsp;&nbsp;&nbsp;<\/p>\n\n\n\n<p>\u201cQuedamos en que nos iban a pasar una fecha para que analicemos\u201d, manifest\u00f3 el jefe comunal en su visita a los estudios de FM G\u00e9nesis.<\/p>\n\n\n\n<p>\u201cSeguramente en las pr\u00f3ximas semanas tendremos alguna novedad\u201d, agreg\u00f3.<\/p>\n\n\n\n<p>\u201cHablaron por ah\u00ed de septiembre como fecha probable. Inclusive me dijeron que la intenci\u00f3n era la de cambiar de ciudad y traer la fecha para San Pedro\u201d.<\/p>\n\n\n\n<p>\u201cEllos saben que San Pedro hoy se est\u00e1 haciendo un nombre tambi\u00e9n a nivel Nacional y para el rally federal es importante\u201d, reconoci\u00f3.<\/p>\n\n\n\n<p>Fuente: <a href=\"https:\/\/www.sanpedroinforma.com.ar\/news-124900-ram%C3%B3n-salazar-confirm%C3%B3-la-posibilidad-del-regreso-del-rally-federal\">San Pedro Informa<\/a><\/p>\n","protected":false},"excerpt":{"rendered":"<p>El Intendente visit\u00f3 los estudios de FM G\u00e9nesis y entre otros temas reconoci\u00f3 que hay grandes posibilidades de que el rally vuelva a correrse por distintos caminos del partido. l Rally Federal fue una marca registrada para el calendario anual de la ciudad pero diferentes motivos hicieron que con el paso de los a\u00f1os las [&hellip;]<\/p>\n","protected":false},"author":4,"featured_media":106284,"comment_status":"closed","ping_status":"closed","sticky":false,"template":"","format":"standard","meta":{"om_disable_all_campaigns":false,"_jetpack_memberships_contains_paid_content":false,"footnotes":""},"categories":[50,101,2],"tags":[197,696,33,19],"class_list":["post-106283","post","type-post","status-publish","format-standard","has-post-thumbnail","hentry","category-destacadas","category-interes-general-locales","category-locales","tag-buenos-aires","tag-interes-general","tag-locales","tag-san-pedro"],"aioseo_notices":[],"gutentor_comment":0,"jetpack_featured_media_url":"https:\/\/eldiariodesanpedro.com.ar\/sitio\/wp-content\/uploads\/2022\/04\/0000020828-resized-1920x1080-1.jpg","jetpack_shortlink":"https:\/\/wp.me\/p6RhLt-rEf","jetpack_sharing_enabled":true,"_links":{"self":[{"href":"https:\/\/eldiariodesanpedro.com.ar\/sitio\/wp-json\/wp\/v2\/posts\/106283","targetHints":{"allow":["GET"]}}],"collection":[{"href":"https:\/\/eldiariodesanpedro.com.ar\/sitio\/wp-json\/wp\/v2\/posts"}],"about":[{"href":"https:\/\/eldiariodesanpedro.com.ar\/sitio\/wp-json\/wp\/v2\/types\/post"}],"author":[{"embeddable":true,"href":"https:\/\/eldiariodesanpedro.com.ar\/sitio\/wp-json\/wp\/v2\/users\/4"}],"replies":[{"embeddable":true,"href":"https:\/\/eldiariodesanpedro.com.ar\/sitio\/wp-json\/wp\/v2\/comments?post=106283"}],"version-history":[{"count":1,"href":"https:\/\/eldiariodesanpedro.com.ar\/sitio\/wp-json\/wp\/v2\/posts\/106283\/revisions"}],"predecessor-version":[{"id":106285,"href":"https:\/\/eldiariodesanpedro.com.ar\/sitio\/wp-json\/wp\/v2\/posts\/106283\/revisions\/106285"}],"wp:featuredmedia":[{"embeddable":true,"href":"https:\/\/eldiariodesanpedro.com.ar\/sitio\/wp-json\/wp\/v2\/media\/106284"}],"wp:attachment":[{"href":"https:\/\/eldiariodesanpedro.com.ar\/sitio\/wp-json\/wp\/v2\/media?parent=106283"}],"wp:term":[{"taxonomy":"category","embeddable":true,"href":"https:\/\/eldiariodesanpedro.com.ar\/sitio\/wp-json\/wp\/v2\/categories?post=106283"},{"taxonomy":"post_tag","embeddable":true,"href":"https:\/\/eldiariodesanpedro.com.ar\/sitio\/wp-json\/wp\/v2\/tags?post=106283"}],"curies":[{"name":"wp","href":"https:\/\/api.w.org\/{rel}","templated":true}]}}