{"id":106280,"date":"2022-04-21T13:42:46","date_gmt":"2022-04-21T16:42:46","guid":{"rendered":"https:\/\/eldiariodesanpedro.com.ar\/sitio\/?p=106280"},"modified":"2022-04-21T13:42:46","modified_gmt":"2022-04-21T16:42:46","slug":"avanzan-obras-de-infraestructura-fluvial-en-el-puerto-de-san-pedro%ef%bf%bc","status":"publish","type":"post","link":"https:\/\/eldiariodesanpedro.com.ar\/sitio\/avanzan-obras-de-infraestructura-fluvial-en-el-puerto-de-san-pedro%ef%bf%bc\/","title":{"rendered":"Avanzan obras de infraestructura fluvial en el Puerto de San Pedro\ufffc"},"content":{"rendered":"<!-- VideographyWP Plugin Message: Automatic video embedding prevented by plugin options. -->\n\n<p>Los trabajos est\u00e1n en proceso de ejecuci\u00f3n y permitir\u00e1n modernizar el equipamiento tecnol\u00f3gico de ambos puertos y potenciar su eficiencia operativa.\u00a0<\/p>\n\n\n\n<p>Representantes del Ministerio de Producci\u00f3n, Ciencia e Innovaci\u00f3n Tecnol\u00f3gica bonaerense, junto con Cecilia Comerio, presidenta del Puerto de San Nicol\u00e1s y Eliseo Almada, presidente del Puerto de San Pedro, recorrieron las obras de infraestructura portuaria que se encuentran en proceso de ejecuci\u00f3n en ambos puertos.&nbsp;<\/p>\n\n\n\n<p>Durante las reuniones de trabajo que se mantuvieron en los puertos de San Nicol\u00e1s y San Pedro, en conjunto con el Ministerio de Infraestructura de la provincia de Buenos Aires, se analizaron las posibilidades para potenciar la log\u00edstica y mejorar la eficiencia operativa de ambos puertos.&nbsp;<\/p>\n\n\n\n<p>En el marco de la visita &nbsp;al puerto de San Nicol\u00e1s, se recorrieron las obras de infraestructura portuaria que se encuentran en proceso. Este puerto carec\u00eda de inversiones desde hace m\u00e1s de dos d\u00e9cadas. Entre las obras se encuentra una nueva b\u00e1scula de camiones instalada en el muelle p\u00fablico, que demand\u00f3 una inversi\u00f3n de 5 millones de pesos. Esta adquisici\u00f3n se encuentra enmarcada en el programa de digitalizaci\u00f3n y modernizaci\u00f3n del equipamiento tecnol\u00f3gico llevado adelante por la cartera productiva bonaerense en conjunto con la Ventanilla \u00danica de Comercio Exterior (VUCE), dependiente del Ministerio de Desarrollo Productivo de Naci\u00f3n.<\/p>\n\n\n\n<p>Adem\u00e1s, en el Puerto de San Nicol\u00e1s se recorri\u00f3 la zona donde se realiz\u00f3 el proceso de desguace de gr\u00faas ganz 1, 4 y 6, que se encontraban obsoletas y el taller mec\u00e1nico en el cual se llev\u00f3 a cabo el recambio de cubiertas para mejorar las instalaciones portuarias. Las autoridades tambi\u00e9n visitaron la zona donde se est\u00e1 llevando adelante el hormigonado del muelle. Esta obra est\u00e1 vinculada a la repavimentaci\u00f3n del muelle de cargas con hormig\u00f3n y mallas met\u00e1licas.&nbsp;<\/p>\n\n\n\n<p>\u201cLas obras que est\u00e1n en marcha son parte del plan de inversi\u00f3n m\u00e1s importante en la historia de nuestra instituci\u00f3n\u201d, destac\u00f3 Cecilia Comerio. Y agreg\u00f3: \u201cEn el marco del 75 aniversario de la nacionalizaci\u00f3n del Puerto de San Nicol\u00e1s, estamos invirtiendo m\u00e1s de 1.000 millones de pesos en la unidad productiva m\u00e1s grande de nuestra ciudad\u201d.<\/p>\n\n\n\n<p>\u201cHoy recorrimos el muelle y pudimos ser testigos del despliegue de trabajadores que est\u00e1n haciendo posible concluir con las obras que van a permitir una mejor y mayor operatoria portuaria; por lo que agradecemos el acompa\u00f1amiento permanente del equipo de gesti\u00f3n provincial\u201d, complet\u00f3 la titular del Puerto de San Nicol\u00e1s.&nbsp;<\/p>\n\n\n\n<p>\u00abEn la recorrida vimos la gran cantidad de obras e inversiones que se est\u00e1n haciendo desde el puerto y que nos van a permitir resolver muchas deudas pendientes de larga data\u201d, subray\u00f3 por su parte Juan Cruz Lucero. &nbsp;Y ampli\u00f3: &nbsp;\u201cPudimos ver ya instalada la balanza, que incorporamos para puerto con fondos nacionales en el marco de nuestro programa de digitalizaci\u00f3n y el muelle sin las hist\u00f3ricas gr\u00faas que se encontraban en verdadero peligro de derrumbe y que gracias a la gesti\u00f3n conjunta pudieron ser retiradas, generando impactos productivos directos, fruto de la mayor capacidad de frente de atraque y mayor seguridad para la operatoria\u201d.<\/p>\n\n\n\n<p>\u201cEste important\u00edsimo proceso de inversi\u00f3n est\u00e1 alineado con el mandato que nos se\u00f1al\u00f3 nuestro Gobernador Axel Kicillof, de potenciar la inversi\u00f3n en infraestructura para el desarrollo local y regional y el objetivo se\u00f1alado por nuestro ministro de Producci\u00f3n, Ciencia e Innovaci\u00f3n Tecnol\u00f3gica, Augusto Costa, que es el de fortalecer el rol de los puertos bonaerenses como actores centrales de la producci\u00f3n\u00bb, concluy\u00f3 Lucero.&nbsp;<\/p>\n\n\n\n<p>Las obras ser\u00e1n fundamentales para el crecimiento de los puertos bonaerenses, para la recuperaci\u00f3n de la infraestructura portuaria y el fortalecimiento del sistema de puertos de la provincia de Buenos Aires.<\/p>\n","protected":false},"excerpt":{"rendered":"<p>Los trabajos est\u00e1n en proceso de ejecuci\u00f3n y permitir\u00e1n modernizar el equipamiento tecnol\u00f3gico de ambos puertos y potenciar su eficiencia operativa.\u00a0 Representantes del Ministerio de Producci\u00f3n, Ciencia e Innovaci\u00f3n Tecnol\u00f3gica bonaerense, junto con Cecilia Comerio, presidenta del Puerto de San Nicol\u00e1s y Eliseo Almada, presidente del Puerto de San Pedro, recorrieron las obras de infraestructura [&hellip;]<\/p>\n","protected":false},"author":4,"featured_media":106281,"comment_status":"closed","ping_status":"closed","sticky":false,"template":"","format":"standard","meta":{"om_disable_all_campaigns":false,"_jetpack_memberships_contains_paid_content":false,"footnotes":""},"categories":[50,101,2],"tags":[197,696,33,19],"class_list":["post-106280","post","type-post","status-publish","format-standard","has-post-thumbnail","hentry","category-destacadas","category-interes-general-locales","category-locales","tag-buenos-aires","tag-interes-general","tag-locales","tag-san-pedro"],"aioseo_notices":[],"gutentor_comment":0,"jetpack_featured_media_url":"https:\/\/eldiariodesanpedro.com.ar\/sitio\/wp-content\/uploads\/2022\/04\/puerto-san-pedro-1280x720-1.jpg","jetpack_shortlink":"https:\/\/wp.me\/p6RhLt-rEc","jetpack_sharing_enabled":true,"_links":{"self":[{"href":"https:\/\/eldiariodesanpedro.com.ar\/sitio\/wp-json\/wp\/v2\/posts\/106280","targetHints":{"allow":["GET"]}}],"collection":[{"href":"https:\/\/eldiariodesanpedro.com.ar\/sitio\/wp-json\/wp\/v2\/posts"}],"about":[{"href":"https:\/\/eldiariodesanpedro.com.ar\/sitio\/wp-json\/wp\/v2\/types\/post"}],"author":[{"embeddable":true,"href":"https:\/\/eldiariodesanpedro.com.ar\/sitio\/wp-json\/wp\/v2\/users\/4"}],"replies":[{"embeddable":true,"href":"https:\/\/eldiariodesanpedro.com.ar\/sitio\/wp-json\/wp\/v2\/comments?post=106280"}],"version-history":[{"count":1,"href":"https:\/\/eldiariodesanpedro.com.ar\/sitio\/wp-json\/wp\/v2\/posts\/106280\/revisions"}],"predecessor-version":[{"id":106282,"href":"https:\/\/eldiariodesanpedro.com.ar\/sitio\/wp-json\/wp\/v2\/posts\/106280\/revisions\/106282"}],"wp:featuredmedia":[{"embeddable":true,"href":"https:\/\/eldiariodesanpedro.com.ar\/sitio\/wp-json\/wp\/v2\/media\/106281"}],"wp:attachment":[{"href":"https:\/\/eldiariodesanpedro.com.ar\/sitio\/wp-json\/wp\/v2\/media?parent=106280"}],"wp:term":[{"taxonomy":"category","embeddable":true,"href":"https:\/\/eldiariodesanpedro.com.ar\/sitio\/wp-json\/wp\/v2\/categories?post=106280"},{"taxonomy":"post_tag","embeddable":true,"href":"https:\/\/eldiariodesanpedro.com.ar\/sitio\/wp-json\/wp\/v2\/tags?post=106280"}],"curies":[{"name":"wp","href":"https:\/\/api.w.org\/{rel}","templated":true}]}}