{"id":106274,"date":"2022-04-21T13:28:03","date_gmt":"2022-04-21T16:28:03","guid":{"rendered":"https:\/\/eldiariodesanpedro.com.ar\/sitio\/?p=106274"},"modified":"2022-04-21T13:28:03","modified_gmt":"2022-04-21T16:28:03","slug":"anmat-prohibio-la-venta-de-una-barra-de-cereal","status":"publish","type":"post","link":"https:\/\/eldiariodesanpedro.com.ar\/sitio\/anmat-prohibio-la-venta-de-una-barra-de-cereal\/","title":{"rendered":"Anmat prohibi\u00f3 la venta de una barra de cereal"},"content":{"rendered":"<!-- VideographyWP Plugin Message: Automatic video embedding prevented by plugin options. -->\n\n<p>La granola en cuesti\u00f3n incumpl\u00eda la normativa vigente. Qu\u00e9 dice la resoluci\u00f3n de Anmat publicada este jueves en el Bolet\u00edn Oficial.<\/p>\n\n\n\n<p>A trav\u00e9s de la\u00a0<strong>disposici\u00f3n 3015\/2022<\/strong>\u00a0publicada este jueves en el\u00a0<strong>Bolet\u00edn Oficial<\/strong>, la\u00a0<strong>Administraci\u00f3n Nacional de Medicamentos,\u00a0Alimentos\u00a0y Tecnolog\u00eda M\u00e9dica (ANMAT)<\/strong>\u00a0prohibi\u00f3 la elaboraci\u00f3n, el fraccionamiento y la comercializaci\u00f3n de\u00a0<strong>cuatro variedades de barras de granola<\/strong>.<\/p>\n\n\n\n<p>Los art\u00edculos en cuesti\u00f3n son de la marca\u00a0<strong>Nutrinola<\/strong>\u00a0y se encuentran rotulados de la siguiente manera:<br><\/p>\n\n\n\n<ul class=\"wp-block-list\"><li>\u00a0Granola artesanal &#8211; sin az\u00facar agregada &#8211; sin conservantes Energizante! con maca andina.<\/li><li>Granola artesanal &#8211; sin conservantes &#8211; 100% vegan, nombre de fantas\u00eda: Cocada.<\/li><li>Granola artesanal &#8211; sin az\u00facar agregada &#8211; sin conservantes, nombre de fantas\u00eda: Tradicional Granola tropical &#8211; 100% vegan .<\/li><li>Granola base &#8211; apto vegano &#8211; sin conservantes, Santa Fe \u2013 Argentina.<\/li><\/ul>\n\n\n\n<p>Seg\u00fan reza la norma, los alimentos carec\u00edan de registros sanitarios de producto y establecimiento, \u00abresultando ser\u00a0<strong>productos\u00a0falsamente rotulados y, en consecuencia, ilegales<\/strong>\u00ab.<\/p>\n\n\n\n<p>Adem\u00e1s, el primero de ellos conten\u00eda&nbsp;<strong>maca<\/strong>, un ingrediente que no se encuentra contemplado en el&nbsp;<strong>C\u00f3digo Alimentario Argentino (CAA)<\/strong>. \u00abTodos los alimentos, condimentos, bebidas o sus materias primas y los aditivos alimentarios que se elaboren, fraccionen, conserven, transporten, expendan o expongan, deben satisfacer las exigencias del mencionado c\u00f3digo\u00bb, explica la disposici\u00f3n.<\/p>\n\n\n\n<p>\u00abPor tratarse de productos que no pueden ser identificados en forma fehaciente y clara como producidos, elaborados y\/o fraccionados en un establecimiento determinado, no podr\u00e1n ser elaborados en ninguna parte del pa\u00eds, ni comercializados ni expendidos en el territorio de la Rep\u00fablica\u00bb, advierte Anmat.<\/p>\n\n\n\n<p>Por \u00faltimo, agrega que la medida se lleva a cabo \u00aba fin de proteger la salud de los ciudadanos ante el consumo de productos ilegales, toda vez que se trate de productos alimenticios que carecen de registro, motivo por el cual no pueden garantizarse su trazabilidad, sus condiciones de elaboraci\u00f3n, su calidad con adecuados niveles de control bajo las condiciones establecidas por la normativa vigente y su inocuidad\u00bb.<a href=\"https:\/\/media.infocielo.com\/p\/f6aacc39a0312098247117b14e9ad5af\/adjuntos\/299\/imagenes\/001\/399\/0001399930\/887x0\/smart\/barra-cereal-granolajpg.jpg\"><\/a><\/p>\n","protected":false},"excerpt":{"rendered":"<p>La granola en cuesti\u00f3n incumpl\u00eda la normativa vigente. Qu\u00e9 dice la resoluci\u00f3n de Anmat publicada este jueves en el Bolet\u00edn Oficial. A trav\u00e9s de la\u00a0disposici\u00f3n 3015\/2022\u00a0publicada este jueves en el\u00a0Bolet\u00edn Oficial, la\u00a0Administraci\u00f3n Nacional de Medicamentos,\u00a0Alimentos\u00a0y Tecnolog\u00eda M\u00e9dica (ANMAT)\u00a0prohibi\u00f3 la elaboraci\u00f3n, el fraccionamiento y la comercializaci\u00f3n de\u00a0cuatro variedades de barras de granola. Los art\u00edculos en cuesti\u00f3n [&hellip;]<\/p>\n","protected":false},"author":4,"featured_media":106276,"comment_status":"closed","ping_status":"closed","sticky":false,"template":"","format":"standard","meta":{"om_disable_all_campaigns":false,"_jetpack_memberships_contains_paid_content":false,"footnotes":""},"categories":[101,2],"tags":[197,696,33,19],"class_list":["post-106274","post","type-post","status-publish","format-standard","has-post-thumbnail","hentry","category-interes-general-locales","category-locales","tag-buenos-aires","tag-interes-general","tag-locales","tag-san-pedro"],"aioseo_notices":[],"gutentor_comment":0,"jetpack_featured_media_url":"https:\/\/eldiariodesanpedro.com.ar\/sitio\/wp-content\/uploads\/2022\/04\/granola-alimentos-productos-anmatwebp.jpg","jetpack_shortlink":"https:\/\/wp.me\/p6RhLt-rE6","jetpack_sharing_enabled":true,"_links":{"self":[{"href":"https:\/\/eldiariodesanpedro.com.ar\/sitio\/wp-json\/wp\/v2\/posts\/106274","targetHints":{"allow":["GET"]}}],"collection":[{"href":"https:\/\/eldiariodesanpedro.com.ar\/sitio\/wp-json\/wp\/v2\/posts"}],"about":[{"href":"https:\/\/eldiariodesanpedro.com.ar\/sitio\/wp-json\/wp\/v2\/types\/post"}],"author":[{"embeddable":true,"href":"https:\/\/eldiariodesanpedro.com.ar\/sitio\/wp-json\/wp\/v2\/users\/4"}],"replies":[{"embeddable":true,"href":"https:\/\/eldiariodesanpedro.com.ar\/sitio\/wp-json\/wp\/v2\/comments?post=106274"}],"version-history":[{"count":1,"href":"https:\/\/eldiariodesanpedro.com.ar\/sitio\/wp-json\/wp\/v2\/posts\/106274\/revisions"}],"predecessor-version":[{"id":106277,"href":"https:\/\/eldiariodesanpedro.com.ar\/sitio\/wp-json\/wp\/v2\/posts\/106274\/revisions\/106277"}],"wp:featuredmedia":[{"embeddable":true,"href":"https:\/\/eldiariodesanpedro.com.ar\/sitio\/wp-json\/wp\/v2\/media\/106276"}],"wp:attachment":[{"href":"https:\/\/eldiariodesanpedro.com.ar\/sitio\/wp-json\/wp\/v2\/media?parent=106274"}],"wp:term":[{"taxonomy":"category","embeddable":true,"href":"https:\/\/eldiariodesanpedro.com.ar\/sitio\/wp-json\/wp\/v2\/categories?post=106274"},{"taxonomy":"post_tag","embeddable":true,"href":"https:\/\/eldiariodesanpedro.com.ar\/sitio\/wp-json\/wp\/v2\/tags?post=106274"}],"curies":[{"name":"wp","href":"https:\/\/api.w.org\/{rel}","templated":true}]}}