{"id":106271,"date":"2022-04-21T12:55:21","date_gmt":"2022-04-21T15:55:21","guid":{"rendered":"https:\/\/eldiariodesanpedro.com.ar\/sitio\/?p=106271"},"modified":"2022-04-21T12:55:22","modified_gmt":"2022-04-21T15:55:22","slug":"capacitacion-buenas-practicas-de-manufactura-del-departamento-de-bromatologia-5","status":"publish","type":"post","link":"https:\/\/eldiariodesanpedro.com.ar\/sitio\/capacitacion-buenas-practicas-de-manufactura-del-departamento-de-bromatologia-5\/","title":{"rendered":"Capacitaci\u00f3n Buenas Pr\u00e1cticas de Manufactura del Departamento de Bromatolog\u00eda"},"content":{"rendered":"<!-- VideographyWP Plugin Message: Automatic video embedding prevented by plugin options. -->\n\n<p>La Secretar\u00eda de Salud de la Municipalidad de San Pedro, a trav\u00e9s de su Departamento de Bromatolog\u00eda e Higiene informa que se realizar\u00e1 el curso de Buenas Pr\u00e1cticas de Manufactura y Men\u00fa Libre de Gluten Seguro, el cual es requisito obligatorio para todo aquel que se desempe\u00f1e en la manipulaci\u00f3n de alimentos.<\/p>\n\n\n\n<p>Para la realizaci\u00f3n del curso deber\u00e1n anotarse previamente en la oficina de Bromatolog\u00eda ubicada en calle Bartolom\u00e9 Mitre 1995 y se llevar\u00e1 a cabo en el Sal\u00f3n Dorado del Honorable Concejo Deliberante (Pellegrini 150) de 14.30 a 17.00 hs.<\/p>\n\n\n\n<p>Esta capacitaci\u00f3n consta de dos jornadas establecidas para los d\u00edas martes 10 y mi\u00e9rcoles 11 de mayo y deber\u00e1n concurrir con el material necesario para tomar apuntes.<br>En caso de dudas o consultas se podr\u00e1n comunicar con el Departamento de Bromatolog\u00eda por mail a bromatologiasanpedro@gmail.com o llamando al 3329-425450.<\/p>\n\n\n\n<figure class=\"wp-block-image size-full\"><img decoding=\"async\" width=\"630\" height=\"630\" data-attachment-id=\"106272\" data-permalink=\"https:\/\/eldiariodesanpedro.com.ar\/sitio\/capacitacion-buenas-practicas-de-manufactura-del-departamento-de-bromatologia-5\/whatsapp-image-2022-04-21-at-11-52-02-am\/\" data-orig-file=\"https:\/\/eldiariodesanpedro.com.ar\/sitio\/wp-content\/uploads\/2022\/04\/WhatsApp-Image-2022-04-21-at-11.52.02-AM.jpeg\" data-orig-size=\"630,630\" data-comments-opened=\"0\" data-image-meta=\"{&quot;aperture&quot;:&quot;0&quot;,&quot;credit&quot;:&quot;&quot;,&quot;camera&quot;:&quot;&quot;,&quot;caption&quot;:&quot;&quot;,&quot;created_timestamp&quot;:&quot;0&quot;,&quot;copyright&quot;:&quot;&quot;,&quot;focal_length&quot;:&quot;0&quot;,&quot;iso&quot;:&quot;0&quot;,&quot;shutter_speed&quot;:&quot;0&quot;,&quot;title&quot;:&quot;&quot;,&quot;orientation&quot;:&quot;0&quot;}\" data-image-title=\"WhatsApp-Image-2022-04-21-at-11.52.02-AM\" data-image-description=\"\" data-image-caption=\"\" data-large-file=\"https:\/\/eldiariodesanpedro.com.ar\/sitio\/wp-content\/uploads\/2022\/04\/WhatsApp-Image-2022-04-21-at-11.52.02-AM.jpeg\" data-src=\"https:\/\/eldiariodesanpedro.com.ar\/sitio\/wp-content\/uploads\/2022\/04\/WhatsApp-Image-2022-04-21-at-11.52.02-AM.jpeg\" alt=\"\" class=\"wp-image-106272 lazyload\" data-srcset=\"https:\/\/eldiariodesanpedro.com.ar\/sitio\/wp-content\/uploads\/2022\/04\/WhatsApp-Image-2022-04-21-at-11.52.02-AM.jpeg 630w, https:\/\/eldiariodesanpedro.com.ar\/sitio\/wp-content\/uploads\/2022\/04\/WhatsApp-Image-2022-04-21-at-11.52.02-AM-300x300.jpeg 300w, https:\/\/eldiariodesanpedro.com.ar\/sitio\/wp-content\/uploads\/2022\/04\/WhatsApp-Image-2022-04-21-at-11.52.02-AM-150x150.jpeg 150w\" data-sizes=\"(max-width: 630px) 100vw, 630px\" src=\"data:image\/svg+xml;base64,PHN2ZyB3aWR0aD0iMSIgaGVpZ2h0PSIxIiB4bWxucz0iaHR0cDovL3d3dy53My5vcmcvMjAwMC9zdmciPjwvc3ZnPg==\" style=\"--smush-placeholder-width: 630px; --smush-placeholder-aspect-ratio: 630\/630;\" \/><\/figure>\n","protected":false},"excerpt":{"rendered":"<p>La Secretar\u00eda de Salud de la Municipalidad de San Pedro, a trav\u00e9s de su Departamento de Bromatolog\u00eda e Higiene informa que se realizar\u00e1 el curso de Buenas Pr\u00e1cticas de Manufactura y Men\u00fa Libre de Gluten Seguro, el cual es requisito obligatorio para todo aquel que se desempe\u00f1e en la manipulaci\u00f3n de alimentos. Para la realizaci\u00f3n [&hellip;]<\/p>\n","protected":false},"author":4,"featured_media":96775,"comment_status":"closed","ping_status":"closed","sticky":false,"template":"","format":"standard","meta":{"om_disable_all_campaigns":false,"_jetpack_memberships_contains_paid_content":false,"footnotes":""},"categories":[50,101,2],"tags":[197,696,33,19],"class_list":["post-106271","post","type-post","status-publish","format-standard","has-post-thumbnail","hentry","category-destacadas","category-interes-general-locales","category-locales","tag-buenos-aires","tag-interes-general","tag-locales","tag-san-pedro"],"aioseo_notices":[],"gutentor_comment":0,"jetpack_featured_media_url":"https:\/\/eldiariodesanpedro.com.ar\/sitio\/wp-content\/uploads\/2021\/08\/curso_manufactura_bpm_001.jpg","jetpack_shortlink":"https:\/\/wp.me\/p6RhLt-rE3","jetpack_sharing_enabled":true,"_links":{"self":[{"href":"https:\/\/eldiariodesanpedro.com.ar\/sitio\/wp-json\/wp\/v2\/posts\/106271","targetHints":{"allow":["GET"]}}],"collection":[{"href":"https:\/\/eldiariodesanpedro.com.ar\/sitio\/wp-json\/wp\/v2\/posts"}],"about":[{"href":"https:\/\/eldiariodesanpedro.com.ar\/sitio\/wp-json\/wp\/v2\/types\/post"}],"author":[{"embeddable":true,"href":"https:\/\/eldiariodesanpedro.com.ar\/sitio\/wp-json\/wp\/v2\/users\/4"}],"replies":[{"embeddable":true,"href":"https:\/\/eldiariodesanpedro.com.ar\/sitio\/wp-json\/wp\/v2\/comments?post=106271"}],"version-history":[{"count":1,"href":"https:\/\/eldiariodesanpedro.com.ar\/sitio\/wp-json\/wp\/v2\/posts\/106271\/revisions"}],"predecessor-version":[{"id":106273,"href":"https:\/\/eldiariodesanpedro.com.ar\/sitio\/wp-json\/wp\/v2\/posts\/106271\/revisions\/106273"}],"wp:featuredmedia":[{"embeddable":true,"href":"https:\/\/eldiariodesanpedro.com.ar\/sitio\/wp-json\/wp\/v2\/media\/96775"}],"wp:attachment":[{"href":"https:\/\/eldiariodesanpedro.com.ar\/sitio\/wp-json\/wp\/v2\/media?parent=106271"}],"wp:term":[{"taxonomy":"category","embeddable":true,"href":"https:\/\/eldiariodesanpedro.com.ar\/sitio\/wp-json\/wp\/v2\/categories?post=106271"},{"taxonomy":"post_tag","embeddable":true,"href":"https:\/\/eldiariodesanpedro.com.ar\/sitio\/wp-json\/wp\/v2\/tags?post=106271"}],"curies":[{"name":"wp","href":"https:\/\/api.w.org\/{rel}","templated":true}]}}