{"id":106265,"date":"2022-04-21T10:19:46","date_gmt":"2022-04-21T13:19:46","guid":{"rendered":"https:\/\/eldiariodesanpedro.com.ar\/sitio\/?p=106265"},"modified":"2022-04-21T10:19:47","modified_gmt":"2022-04-21T13:19:47","slug":"cafe-cultura-llega-a-san-pedro-con-una-charla-sobre-gestion-cultural-y-musica-popular-2","status":"publish","type":"post","link":"https:\/\/eldiariodesanpedro.com.ar\/sitio\/cafe-cultura-llega-a-san-pedro-con-una-charla-sobre-gestion-cultural-y-musica-popular-2\/","title":{"rendered":"\u201cCaf\u00e9 Cultura\u201d llega a San Pedro con una charla sobre \u201cGesti\u00f3n Cultural y m\u00fasica popular\u201d"},"content":{"rendered":"<!-- VideographyWP Plugin Message: Automatic video embedding prevented by plugin options. -->\n\n<p>Este jueves 21 de abril a las 17.30 el Instituto Cultural de la provincia de Buenos Aires presentar\u00e1 bajo la consigna \u201cGesti\u00f3n Cultural y m\u00fasica popular\u201d la tercera edici\u00f3n de \u201cCaf\u00e9 Cultura\u201d en el Centro de Comercio, Industria y Turismo con la exposici\u00f3n de la cantautora Marian Far\u00edas G\u00f3mez y la gestora cultural Lidia Bracco. La entrada ser\u00e1 libre y gratuita.<\/p>\n\n\n\n<p>\u201cCaf\u00e9 Cultura\u201d es un ciclo provincial de encuentros culturales que tiene como objetivo reconocer la identidad bonaerense desde la diversidad y construir puentes entre artistas y vecinos de los 135 municipios. Asimismo, y con la modalidad propuesta, se busca instalar debates y reflexiones propias de la identidad cultural bonaerense en la agenda p\u00fablica de los vecinos que habitan los diversos distritos\u201d, explicaron desde el organismo que conduce Florencia Saintout.<\/p>\n","protected":false},"excerpt":{"rendered":"<p>Este jueves 21 de abril a las 17.30 el Instituto Cultural de la provincia de Buenos Aires presentar\u00e1 bajo la consigna \u201cGesti\u00f3n Cultural y m\u00fasica popular\u201d la tercera edici\u00f3n de \u201cCaf\u00e9 Cultura\u201d en el Centro de Comercio, Industria y Turismo con la exposici\u00f3n de la cantautora Marian Far\u00edas G\u00f3mez y la gestora cultural Lidia Bracco. [&hellip;]<\/p>\n","protected":false},"author":4,"featured_media":82411,"comment_status":"closed","ping_status":"closed","sticky":false,"template":"","format":"standard","meta":{"om_disable_all_campaigns":false,"_jetpack_memberships_contains_paid_content":false,"footnotes":""},"categories":[101,2],"tags":[197,696,33,19],"class_list":["post-106265","post","type-post","status-publish","format-standard","has-post-thumbnail","hentry","category-interes-general-locales","category-locales","tag-buenos-aires","tag-interes-general","tag-locales","tag-san-pedro"],"aioseo_notices":[],"gutentor_comment":0,"jetpack_featured_media_url":"https:\/\/eldiariodesanpedro.com.ar\/sitio\/wp-content\/uploads\/2020\/10\/centro-de-comercio-e-industria_3_1-1.jpg","jetpack_shortlink":"https:\/\/wp.me\/p6RhLt-rDX","jetpack_sharing_enabled":true,"_links":{"self":[{"href":"https:\/\/eldiariodesanpedro.com.ar\/sitio\/wp-json\/wp\/v2\/posts\/106265","targetHints":{"allow":["GET"]}}],"collection":[{"href":"https:\/\/eldiariodesanpedro.com.ar\/sitio\/wp-json\/wp\/v2\/posts"}],"about":[{"href":"https:\/\/eldiariodesanpedro.com.ar\/sitio\/wp-json\/wp\/v2\/types\/post"}],"author":[{"embeddable":true,"href":"https:\/\/eldiariodesanpedro.com.ar\/sitio\/wp-json\/wp\/v2\/users\/4"}],"replies":[{"embeddable":true,"href":"https:\/\/eldiariodesanpedro.com.ar\/sitio\/wp-json\/wp\/v2\/comments?post=106265"}],"version-history":[{"count":1,"href":"https:\/\/eldiariodesanpedro.com.ar\/sitio\/wp-json\/wp\/v2\/posts\/106265\/revisions"}],"predecessor-version":[{"id":106266,"href":"https:\/\/eldiariodesanpedro.com.ar\/sitio\/wp-json\/wp\/v2\/posts\/106265\/revisions\/106266"}],"wp:featuredmedia":[{"embeddable":true,"href":"https:\/\/eldiariodesanpedro.com.ar\/sitio\/wp-json\/wp\/v2\/media\/82411"}],"wp:attachment":[{"href":"https:\/\/eldiariodesanpedro.com.ar\/sitio\/wp-json\/wp\/v2\/media?parent=106265"}],"wp:term":[{"taxonomy":"category","embeddable":true,"href":"https:\/\/eldiariodesanpedro.com.ar\/sitio\/wp-json\/wp\/v2\/categories?post=106265"},{"taxonomy":"post_tag","embeddable":true,"href":"https:\/\/eldiariodesanpedro.com.ar\/sitio\/wp-json\/wp\/v2\/tags?post=106265"}],"curies":[{"name":"wp","href":"https:\/\/api.w.org\/{rel}","templated":true}]}}