{"id":106251,"date":"2022-04-20T20:19:44","date_gmt":"2022-04-20T23:19:44","guid":{"rendered":"https:\/\/eldiariodesanpedro.com.ar\/sitio\/?p=106251"},"modified":"2022-04-20T20:19:45","modified_gmt":"2022-04-20T23:19:45","slug":"pliegos-para-obras-en-los-establecimientos-ep-no-43-y-es-no-15","status":"publish","type":"post","link":"https:\/\/eldiariodesanpedro.com.ar\/sitio\/pliegos-para-obras-en-los-establecimientos-ep-no-43-y-es-no-15\/","title":{"rendered":"Pliegos para obras en los establecimientos EP N\u00ba 43 y ES N\u00ba 15"},"content":{"rendered":"<!-- VideographyWP Plugin Message: Automatic video embedding prevented by plugin options. -->\n\n<p>Consejo Escolar informa que desde el 25 al 29 de abril de 2022 estar\u00e1n a disposici\u00f3n los pliegos para las siguientes obras:<br>&#8211; Cambio de puertas de aulas y direcci\u00f3n en EP N\u00ba 43 \/ ES N\u00ba 15. Presupuesto oficial $ 766.701,55 <br>&#8211; Plazo de obra 30 d\u00edas.- Refacci\u00f3n en oficina en Consejo Escolar. Presupuesto oficial $ 433.083,85 <br>&#8211; Plazo de obra 30 d\u00edas.<\/p>\n\n\n\n<p>Apertura de ofertas el 3 de mayo de 2022 a las 10 hs. Las consultas se har\u00e1n en la Sede del Consejo Escolar (Ayacucho e Ituzaing\u00f3) de 9 a 12 hs.<\/p>\n","protected":false},"excerpt":{"rendered":"<p>Consejo Escolar informa que desde el 25 al 29 de abril de 2022 estar\u00e1n a disposici\u00f3n los pliegos para las siguientes obras:&#8211; Cambio de puertas de aulas y direcci\u00f3n en EP N\u00ba 43 \/ ES N\u00ba 15. Presupuesto oficial $ 766.701,55 &#8211; Plazo de obra 30 d\u00edas.- Refacci\u00f3n en oficina en Consejo Escolar. Presupuesto oficial [&hellip;]<\/p>\n","protected":false},"author":4,"featured_media":106252,"comment_status":"closed","ping_status":"closed","sticky":false,"template":"","format":"standard","meta":{"om_disable_all_campaigns":false,"_jetpack_memberships_contains_paid_content":false,"footnotes":""},"categories":[815,676],"tags":[],"class_list":["post-106251","post","type-post","status-publish","format-standard","has-post-thumbnail","hentry","category-consejo-escolar","category-edictos"],"aioseo_notices":[],"gutentor_comment":0,"jetpack_featured_media_url":"https:\/\/eldiariodesanpedro.com.ar\/sitio\/wp-content\/uploads\/2022\/04\/Concejo-escolar-20-04-2022-2.jpg","jetpack_shortlink":"https:\/\/wp.me\/p6RhLt-rDJ","jetpack_sharing_enabled":true,"_links":{"self":[{"href":"https:\/\/eldiariodesanpedro.com.ar\/sitio\/wp-json\/wp\/v2\/posts\/106251","targetHints":{"allow":["GET"]}}],"collection":[{"href":"https:\/\/eldiariodesanpedro.com.ar\/sitio\/wp-json\/wp\/v2\/posts"}],"about":[{"href":"https:\/\/eldiariodesanpedro.com.ar\/sitio\/wp-json\/wp\/v2\/types\/post"}],"author":[{"embeddable":true,"href":"https:\/\/eldiariodesanpedro.com.ar\/sitio\/wp-json\/wp\/v2\/users\/4"}],"replies":[{"embeddable":true,"href":"https:\/\/eldiariodesanpedro.com.ar\/sitio\/wp-json\/wp\/v2\/comments?post=106251"}],"version-history":[{"count":1,"href":"https:\/\/eldiariodesanpedro.com.ar\/sitio\/wp-json\/wp\/v2\/posts\/106251\/revisions"}],"predecessor-version":[{"id":106253,"href":"https:\/\/eldiariodesanpedro.com.ar\/sitio\/wp-json\/wp\/v2\/posts\/106251\/revisions\/106253"}],"wp:featuredmedia":[{"embeddable":true,"href":"https:\/\/eldiariodesanpedro.com.ar\/sitio\/wp-json\/wp\/v2\/media\/106252"}],"wp:attachment":[{"href":"https:\/\/eldiariodesanpedro.com.ar\/sitio\/wp-json\/wp\/v2\/media?parent=106251"}],"wp:term":[{"taxonomy":"category","embeddable":true,"href":"https:\/\/eldiariodesanpedro.com.ar\/sitio\/wp-json\/wp\/v2\/categories?post=106251"},{"taxonomy":"post_tag","embeddable":true,"href":"https:\/\/eldiariodesanpedro.com.ar\/sitio\/wp-json\/wp\/v2\/tags?post=106251"}],"curies":[{"name":"wp","href":"https:\/\/api.w.org\/{rel}","templated":true}]}}