{"id":106247,"date":"2022-04-20T20:01:54","date_gmt":"2022-04-20T23:01:54","guid":{"rendered":"https:\/\/eldiariodesanpedro.com.ar\/sitio\/?p=106247"},"modified":"2022-04-20T20:01:55","modified_gmt":"2022-04-20T23:01:55","slug":"accidente-de-transito-entre-una-motocicleta-y-una-camioneta%ef%bf%bc","status":"publish","type":"post","link":"https:\/\/eldiariodesanpedro.com.ar\/sitio\/accidente-de-transito-entre-una-motocicleta-y-una-camioneta%ef%bf%bc\/","title":{"rendered":"Accidente de tr\u00e1nsito entre una motocicleta y una camioneta\ufffc"},"content":{"rendered":"<!-- VideographyWP Plugin Message: Automatic video embedding prevented by plugin options. -->\n\n<p>En la tarde de hoy ocurri\u00f3 un accidente de tr\u00e1nsito donde dos mujeres resultaron con lesiones y fueron trasladadas al nosocomio local.<\/p>\n\n\n\n<p>El siniestro tuvo lugar este mi\u00e9rcoles alrededor de las 18 hs en la esquina de Boulverd Moreno y Belgrano donde por razones que se tratan de establecer colisionaron una camioneta conducida por un masculino mayor de edad y una motocicleta 110 cc en la que circulaban dos mujeres.<\/p>\n\n\n\n<p>En el lugar se hace presente una ambulancia del SAME que traslad\u00f3 a las mujeres al nosocomio local donde se pudo determinar que sufrieron heridas leves.<\/p>\n\n\n\n<figure class=\"wp-block-image size-large\"><img decoding=\"async\" width=\"1024\" height=\"576\" data-attachment-id=\"106249\" data-permalink=\"https:\/\/eldiariodesanpedro.com.ar\/sitio\/accidente-de-transito-entre-una-motocicleta-y-una-camioneta%ef%bf%bc\/whatsapp-image-2022-04-20-at-7-42-46-pm\/\" data-orig-file=\"https:\/\/eldiariodesanpedro.com.ar\/sitio\/wp-content\/uploads\/2022\/04\/WhatsApp-Image-2022-04-20-at-7.42.46-PM.jpeg\" data-orig-size=\"1120,630\" data-comments-opened=\"0\" data-image-meta=\"{&quot;aperture&quot;:&quot;0&quot;,&quot;credit&quot;:&quot;&quot;,&quot;camera&quot;:&quot;&quot;,&quot;caption&quot;:&quot;&quot;,&quot;created_timestamp&quot;:&quot;0&quot;,&quot;copyright&quot;:&quot;&quot;,&quot;focal_length&quot;:&quot;0&quot;,&quot;iso&quot;:&quot;0&quot;,&quot;shutter_speed&quot;:&quot;0&quot;,&quot;title&quot;:&quot;&quot;,&quot;orientation&quot;:&quot;0&quot;}\" data-image-title=\"WhatsApp Image 2022-04-20 at 7.42.46 PM\" data-image-description=\"\" data-image-caption=\"\" data-large-file=\"https:\/\/eldiariodesanpedro.com.ar\/sitio\/wp-content\/uploads\/2022\/04\/WhatsApp-Image-2022-04-20-at-7.42.46-PM-1024x576.jpeg\" data-src=\"https:\/\/eldiariodesanpedro.com.ar\/sitio\/wp-content\/uploads\/2022\/04\/WhatsApp-Image-2022-04-20-at-7.42.46-PM-1024x576.jpeg\" alt=\"\" class=\"wp-image-106249 lazyload\" data-srcset=\"https:\/\/eldiariodesanpedro.com.ar\/sitio\/wp-content\/uploads\/2022\/04\/WhatsApp-Image-2022-04-20-at-7.42.46-PM-1024x576.jpeg 1024w, https:\/\/eldiariodesanpedro.com.ar\/sitio\/wp-content\/uploads\/2022\/04\/WhatsApp-Image-2022-04-20-at-7.42.46-PM-300x169.jpeg 300w, https:\/\/eldiariodesanpedro.com.ar\/sitio\/wp-content\/uploads\/2022\/04\/WhatsApp-Image-2022-04-20-at-7.42.46-PM-768x432.jpeg 768w, https:\/\/eldiariodesanpedro.com.ar\/sitio\/wp-content\/uploads\/2022\/04\/WhatsApp-Image-2022-04-20-at-7.42.46-PM.jpeg 1120w\" data-sizes=\"(max-width: 1024px) 100vw, 1024px\" src=\"data:image\/svg+xml;base64,PHN2ZyB3aWR0aD0iMSIgaGVpZ2h0PSIxIiB4bWxucz0iaHR0cDovL3d3dy53My5vcmcvMjAwMC9zdmciPjwvc3ZnPg==\" style=\"--smush-placeholder-width: 1024px; --smush-placeholder-aspect-ratio: 1024\/576;\" \/><\/figure>\n","protected":false},"excerpt":{"rendered":"<p>En la tarde de hoy ocurri\u00f3 un accidente de tr\u00e1nsito donde dos mujeres resultaron con lesiones y fueron trasladadas al nosocomio local. El siniestro tuvo lugar este mi\u00e9rcoles alrededor de las 18 hs en la esquina de Boulverd Moreno y Belgrano donde por razones que se tratan de establecer colisionaron una camioneta conducida por un [&hellip;]<\/p>\n","protected":false},"author":4,"featured_media":106248,"comment_status":"closed","ping_status":"closed","sticky":false,"template":"","format":"standard","meta":{"om_disable_all_campaigns":false,"_jetpack_memberships_contains_paid_content":false,"footnotes":""},"categories":[2,103],"tags":[197,33,95,19],"class_list":["post-106247","post","type-post","status-publish","format-standard","has-post-thumbnail","hentry","category-locales","category-policiales-locales","tag-buenos-aires","tag-locales","tag-policiales","tag-san-pedro"],"aioseo_notices":[],"gutentor_comment":0,"jetpack_featured_media_url":"https:\/\/eldiariodesanpedro.com.ar\/sitio\/wp-content\/uploads\/2022\/04\/WhatsApp-Image-2022-04-20-at-7.42.45-PM.jpeg","jetpack_shortlink":"https:\/\/wp.me\/p6RhLt-rDF","jetpack_sharing_enabled":true,"_links":{"self":[{"href":"https:\/\/eldiariodesanpedro.com.ar\/sitio\/wp-json\/wp\/v2\/posts\/106247","targetHints":{"allow":["GET"]}}],"collection":[{"href":"https:\/\/eldiariodesanpedro.com.ar\/sitio\/wp-json\/wp\/v2\/posts"}],"about":[{"href":"https:\/\/eldiariodesanpedro.com.ar\/sitio\/wp-json\/wp\/v2\/types\/post"}],"author":[{"embeddable":true,"href":"https:\/\/eldiariodesanpedro.com.ar\/sitio\/wp-json\/wp\/v2\/users\/4"}],"replies":[{"embeddable":true,"href":"https:\/\/eldiariodesanpedro.com.ar\/sitio\/wp-json\/wp\/v2\/comments?post=106247"}],"version-history":[{"count":1,"href":"https:\/\/eldiariodesanpedro.com.ar\/sitio\/wp-json\/wp\/v2\/posts\/106247\/revisions"}],"predecessor-version":[{"id":106250,"href":"https:\/\/eldiariodesanpedro.com.ar\/sitio\/wp-json\/wp\/v2\/posts\/106247\/revisions\/106250"}],"wp:featuredmedia":[{"embeddable":true,"href":"https:\/\/eldiariodesanpedro.com.ar\/sitio\/wp-json\/wp\/v2\/media\/106248"}],"wp:attachment":[{"href":"https:\/\/eldiariodesanpedro.com.ar\/sitio\/wp-json\/wp\/v2\/media?parent=106247"}],"wp:term":[{"taxonomy":"category","embeddable":true,"href":"https:\/\/eldiariodesanpedro.com.ar\/sitio\/wp-json\/wp\/v2\/categories?post=106247"},{"taxonomy":"post_tag","embeddable":true,"href":"https:\/\/eldiariodesanpedro.com.ar\/sitio\/wp-json\/wp\/v2\/tags?post=106247"}],"curies":[{"name":"wp","href":"https:\/\/api.w.org\/{rel}","templated":true}]}}