{"id":106237,"date":"2022-04-20T19:25:42","date_gmt":"2022-04-20T22:25:42","guid":{"rendered":"https:\/\/eldiariodesanpedro.com.ar\/sitio\/?p=106237"},"modified":"2022-04-20T19:25:43","modified_gmt":"2022-04-20T22:25:43","slug":"agencia-nacional-de-seguridad-vial-inauguro-su-sede-en-san-pedro%ef%bf%bc","status":"publish","type":"post","link":"https:\/\/eldiariodesanpedro.com.ar\/sitio\/agencia-nacional-de-seguridad-vial-inauguro-su-sede-en-san-pedro%ef%bf%bc\/","title":{"rendered":"Agencia Nacional de Seguridad Vial inaugur\u00f3 su sede en San Pedro\ufffc"},"content":{"rendered":"<!-- VideographyWP Plugin Message: Automatic video embedding prevented by plugin options. -->\n\n<p>Este mi\u00e9rcoles qued\u00f3 inaugurada en San Pedro una nueva base operativa de control y fiscalizaci\u00f3n de la Agencia Nacional de Seguridad Vial (ANSV). Ubicada en el kil\u00f3metro 162 de la Ruta Nacional 9, permitir\u00e1 la cobertura y realizaci\u00f3n de operativos de control en la ruta mencionada, m\u00e1s las rutas nacionales 8 y 188 y la Ruta Provincial 41. Entre las principales tareas, se realizar\u00e1n patrullajes preventivos, ordenamiento vehicular, controles de velocidad, documentaci\u00f3n y alcoholemia a conductores y asistencia en siniestros viales o eventualidades sobre las rutas.<\/p>\n\n\n\n<p>\u201cAgradecemos a las autoridades locales por su compromiso con la seguridad vial que hoy nos permite estar inaugurando esta base operativa de control en San Pedro. Abrir una nueva base implica sumar presencia en las rutas para seguir cuidando a los conductores, poniendo a disposici\u00f3n recursos de la ANSV como, por ejemplo, m\u00f3viles, alcohol\u00edmetros y radares, que servir\u00e1n para trabajar en conjunto con la Polic\u00eda provincial y personal municipal con un \u00fanico objetivo: salvar vidas\u201d, mencion\u00f3 el director ejecutivo de la ANSV, Pablo Mart\u00ednez Carignano.<\/p>\n\n\n\n<p>Por su parte, el Dr. Salazar remarc\u00f3 la predisposici\u00f3n de la empresa Jorge Caso S.A. y el trabajo conjunto del gobierno local y la Agencia de instalar una de sus nuevas bases operativas en San Pedro, reconociendo la ubicaci\u00f3n estrat\u00e9gica de nuestro partido, sobre la autopista m\u00e1s importante del pa\u00eds.<\/p>\n\n\n\n<p>\u201cAgradezco y destaco las gestiones de Cecilio, ex Intendente y actual funcionario de Trenes Argentinos Cargas, del Ministerio de Transporte y de todas las \u00e1reas que nos ayudar\u00e1n de aqu\u00ed en m\u00e1s\u201d. Manifest\u00f3 el Jefe Comunal.<\/p>\n\n\n\n<p>Para los distintos operativos, agentes del organismo dependiente del Ministerio de Transporte trabajar\u00e1n conjuntamente con personal de Gendarmer\u00eda Nacional, Polic\u00eda Federal, Polic\u00eda de Seguridad Vial de la provincia de Buenos Aires y la Direcci\u00f3n de Tr\u00e1nsito de la Municipalidad. Adem\u00e1s, se prestar\u00e1 colaboraci\u00f3n en distintos eventos de gran convocatoria que se realizan en la ciudad y en zonas cercanas.<\/p>\n\n\n\n<p>La base operativa de San Pedro es la quinta sede inaugurada por la ANSV en lo que va del a\u00f1o, junto a las abiertas anteriormente en Santa Rosa y Tunuy\u00e1n (Mendoza), Autopista Riccheri (Buenos Aires) y Justo Daract (San Luis). Desde 2020 a la fecha ya son 16 nuevas sedes y, pr\u00f3ximamente, con el objetivo de seguir ampliando la presencia del organismo a nivel federal, se inaugurar\u00e1n bases en Villa La Angostura (Neuqu\u00e9n) y Laboulaye y R\u00edo Cuarto (C\u00f3rdoba).<\/p>\n\n\n\n<figure class=\"wp-block-image size-large\"><img decoding=\"async\" width=\"1024\" height=\"576\" data-attachment-id=\"106243\" data-permalink=\"https:\/\/eldiariodesanpedro.com.ar\/sitio\/agencia-nacional-de-seguridad-vial-inauguro-su-sede-en-san-pedro%ef%bf%bc\/whatsapp-image-2022-04-20-at-7-16-54-pm\/\" data-orig-file=\"https:\/\/eldiariodesanpedro.com.ar\/sitio\/wp-content\/uploads\/2022\/04\/WhatsApp-Image-2022-04-20-at-7.16.54-PM.jpeg\" data-orig-size=\"1120,630\" data-comments-opened=\"0\" data-image-meta=\"{&quot;aperture&quot;:&quot;0&quot;,&quot;credit&quot;:&quot;&quot;,&quot;camera&quot;:&quot;&quot;,&quot;caption&quot;:&quot;&quot;,&quot;created_timestamp&quot;:&quot;0&quot;,&quot;copyright&quot;:&quot;&quot;,&quot;focal_length&quot;:&quot;0&quot;,&quot;iso&quot;:&quot;0&quot;,&quot;shutter_speed&quot;:&quot;0&quot;,&quot;title&quot;:&quot;&quot;,&quot;orientation&quot;:&quot;0&quot;}\" data-image-title=\"WhatsApp Image 2022-04-20 at 7.16.54 PM\" data-image-description=\"\" data-image-caption=\"\" data-large-file=\"https:\/\/eldiariodesanpedro.com.ar\/sitio\/wp-content\/uploads\/2022\/04\/WhatsApp-Image-2022-04-20-at-7.16.54-PM-1024x576.jpeg\" data-src=\"https:\/\/eldiariodesanpedro.com.ar\/sitio\/wp-content\/uploads\/2022\/04\/WhatsApp-Image-2022-04-20-at-7.16.54-PM-1024x576.jpeg\" alt=\"\" class=\"wp-image-106243 lazyload\" data-srcset=\"https:\/\/eldiariodesanpedro.com.ar\/sitio\/wp-content\/uploads\/2022\/04\/WhatsApp-Image-2022-04-20-at-7.16.54-PM-1024x576.jpeg 1024w, https:\/\/eldiariodesanpedro.com.ar\/sitio\/wp-content\/uploads\/2022\/04\/WhatsApp-Image-2022-04-20-at-7.16.54-PM-300x169.jpeg 300w, https:\/\/eldiariodesanpedro.com.ar\/sitio\/wp-content\/uploads\/2022\/04\/WhatsApp-Image-2022-04-20-at-7.16.54-PM-768x432.jpeg 768w, https:\/\/eldiariodesanpedro.com.ar\/sitio\/wp-content\/uploads\/2022\/04\/WhatsApp-Image-2022-04-20-at-7.16.54-PM.jpeg 1120w\" data-sizes=\"(max-width: 1024px) 100vw, 1024px\" src=\"data:image\/svg+xml;base64,PHN2ZyB3aWR0aD0iMSIgaGVpZ2h0PSIxIiB4bWxucz0iaHR0cDovL3d3dy53My5vcmcvMjAwMC9zdmciPjwvc3ZnPg==\" style=\"--smush-placeholder-width: 1024px; --smush-placeholder-aspect-ratio: 1024\/576;\" \/><\/figure>\n\n\n\n<figure class=\"wp-block-image size-large\"><img decoding=\"async\" width=\"1024\" height=\"576\" data-attachment-id=\"106244\" data-permalink=\"https:\/\/eldiariodesanpedro.com.ar\/sitio\/agencia-nacional-de-seguridad-vial-inauguro-su-sede-en-san-pedro%ef%bf%bc\/whatsapp-image-2022-04-20-at-7-16-55-pm-1\/\" data-orig-file=\"https:\/\/eldiariodesanpedro.com.ar\/sitio\/wp-content\/uploads\/2022\/04\/WhatsApp-Image-2022-04-20-at-7.16.55-PM-1.jpeg\" data-orig-size=\"1120,630\" data-comments-opened=\"0\" data-image-meta=\"{&quot;aperture&quot;:&quot;0&quot;,&quot;credit&quot;:&quot;&quot;,&quot;camera&quot;:&quot;&quot;,&quot;caption&quot;:&quot;&quot;,&quot;created_timestamp&quot;:&quot;0&quot;,&quot;copyright&quot;:&quot;&quot;,&quot;focal_length&quot;:&quot;0&quot;,&quot;iso&quot;:&quot;0&quot;,&quot;shutter_speed&quot;:&quot;0&quot;,&quot;title&quot;:&quot;&quot;,&quot;orientation&quot;:&quot;0&quot;}\" data-image-title=\"WhatsApp Image 2022-04-20 at 7.16.55 PM (1)\" data-image-description=\"\" data-image-caption=\"\" data-large-file=\"https:\/\/eldiariodesanpedro.com.ar\/sitio\/wp-content\/uploads\/2022\/04\/WhatsApp-Image-2022-04-20-at-7.16.55-PM-1-1024x576.jpeg\" data-src=\"https:\/\/eldiariodesanpedro.com.ar\/sitio\/wp-content\/uploads\/2022\/04\/WhatsApp-Image-2022-04-20-at-7.16.55-PM-1-1024x576.jpeg\" alt=\"\" class=\"wp-image-106244 lazyload\" data-srcset=\"https:\/\/eldiariodesanpedro.com.ar\/sitio\/wp-content\/uploads\/2022\/04\/WhatsApp-Image-2022-04-20-at-7.16.55-PM-1-1024x576.jpeg 1024w, https:\/\/eldiariodesanpedro.com.ar\/sitio\/wp-content\/uploads\/2022\/04\/WhatsApp-Image-2022-04-20-at-7.16.55-PM-1-300x169.jpeg 300w, https:\/\/eldiariodesanpedro.com.ar\/sitio\/wp-content\/uploads\/2022\/04\/WhatsApp-Image-2022-04-20-at-7.16.55-PM-1-768x432.jpeg 768w, https:\/\/eldiariodesanpedro.com.ar\/sitio\/wp-content\/uploads\/2022\/04\/WhatsApp-Image-2022-04-20-at-7.16.55-PM-1.jpeg 1120w\" data-sizes=\"(max-width: 1024px) 100vw, 1024px\" src=\"data:image\/svg+xml;base64,PHN2ZyB3aWR0aD0iMSIgaGVpZ2h0PSIxIiB4bWxucz0iaHR0cDovL3d3dy53My5vcmcvMjAwMC9zdmciPjwvc3ZnPg==\" style=\"--smush-placeholder-width: 1024px; --smush-placeholder-aspect-ratio: 1024\/576;\" \/><\/figure>\n\n\n\n<figure class=\"wp-block-image size-full\"><img decoding=\"async\" width=\"925\" height=\"630\" data-attachment-id=\"106238\" data-permalink=\"https:\/\/eldiariodesanpedro.com.ar\/sitio\/agencia-nacional-de-seguridad-vial-inauguro-su-sede-en-san-pedro%ef%bf%bc\/whatsapp-image-2022-04-20-at-3-33-14-pm\/\" data-orig-file=\"https:\/\/eldiariodesanpedro.com.ar\/sitio\/wp-content\/uploads\/2022\/04\/WhatsApp-Image-2022-04-20-at-3.33.14-PM.jpeg\" data-orig-size=\"925,630\" data-comments-opened=\"0\" data-image-meta=\"{&quot;aperture&quot;:&quot;0&quot;,&quot;credit&quot;:&quot;&quot;,&quot;camera&quot;:&quot;&quot;,&quot;caption&quot;:&quot;&quot;,&quot;created_timestamp&quot;:&quot;0&quot;,&quot;copyright&quot;:&quot;&quot;,&quot;focal_length&quot;:&quot;0&quot;,&quot;iso&quot;:&quot;0&quot;,&quot;shutter_speed&quot;:&quot;0&quot;,&quot;title&quot;:&quot;&quot;,&quot;orientation&quot;:&quot;0&quot;}\" data-image-title=\"WhatsApp Image 2022-04-20 at 3.33.14 PM\" data-image-description=\"\" data-image-caption=\"\" data-large-file=\"https:\/\/eldiariodesanpedro.com.ar\/sitio\/wp-content\/uploads\/2022\/04\/WhatsApp-Image-2022-04-20-at-3.33.14-PM.jpeg\" data-src=\"https:\/\/eldiariodesanpedro.com.ar\/sitio\/wp-content\/uploads\/2022\/04\/WhatsApp-Image-2022-04-20-at-3.33.14-PM.jpeg\" alt=\"\" class=\"wp-image-106238 lazyload\" data-srcset=\"https:\/\/eldiariodesanpedro.com.ar\/sitio\/wp-content\/uploads\/2022\/04\/WhatsApp-Image-2022-04-20-at-3.33.14-PM.jpeg 925w, https:\/\/eldiariodesanpedro.com.ar\/sitio\/wp-content\/uploads\/2022\/04\/WhatsApp-Image-2022-04-20-at-3.33.14-PM-300x204.jpeg 300w, https:\/\/eldiariodesanpedro.com.ar\/sitio\/wp-content\/uploads\/2022\/04\/WhatsApp-Image-2022-04-20-at-3.33.14-PM-768x523.jpeg 768w\" data-sizes=\"(max-width: 925px) 100vw, 925px\" src=\"data:image\/svg+xml;base64,PHN2ZyB3aWR0aD0iMSIgaGVpZ2h0PSIxIiB4bWxucz0iaHR0cDovL3d3dy53My5vcmcvMjAwMC9zdmciPjwvc3ZnPg==\" style=\"--smush-placeholder-width: 925px; --smush-placeholder-aspect-ratio: 925\/630;\" \/><\/figure>\n\n\n\n<figure class=\"wp-block-image size-large\"><img decoding=\"async\" width=\"1024\" height=\"576\" data-attachment-id=\"106245\" data-permalink=\"https:\/\/eldiariodesanpedro.com.ar\/sitio\/agencia-nacional-de-seguridad-vial-inauguro-su-sede-en-san-pedro%ef%bf%bc\/whatsapp-image-2022-04-20-at-7-16-55-pm\/\" data-orig-file=\"https:\/\/eldiariodesanpedro.com.ar\/sitio\/wp-content\/uploads\/2022\/04\/WhatsApp-Image-2022-04-20-at-7.16.55-PM.jpeg\" data-orig-size=\"1120,630\" data-comments-opened=\"0\" data-image-meta=\"{&quot;aperture&quot;:&quot;0&quot;,&quot;credit&quot;:&quot;&quot;,&quot;camera&quot;:&quot;&quot;,&quot;caption&quot;:&quot;&quot;,&quot;created_timestamp&quot;:&quot;0&quot;,&quot;copyright&quot;:&quot;&quot;,&quot;focal_length&quot;:&quot;0&quot;,&quot;iso&quot;:&quot;0&quot;,&quot;shutter_speed&quot;:&quot;0&quot;,&quot;title&quot;:&quot;&quot;,&quot;orientation&quot;:&quot;0&quot;}\" data-image-title=\"WhatsApp Image 2022-04-20 at 7.16.55 PM\" data-image-description=\"\" data-image-caption=\"\" data-large-file=\"https:\/\/eldiariodesanpedro.com.ar\/sitio\/wp-content\/uploads\/2022\/04\/WhatsApp-Image-2022-04-20-at-7.16.55-PM-1024x576.jpeg\" data-src=\"https:\/\/eldiariodesanpedro.com.ar\/sitio\/wp-content\/uploads\/2022\/04\/WhatsApp-Image-2022-04-20-at-7.16.55-PM-1024x576.jpeg\" alt=\"\" class=\"wp-image-106245 lazyload\" data-srcset=\"https:\/\/eldiariodesanpedro.com.ar\/sitio\/wp-content\/uploads\/2022\/04\/WhatsApp-Image-2022-04-20-at-7.16.55-PM-1024x576.jpeg 1024w, https:\/\/eldiariodesanpedro.com.ar\/sitio\/wp-content\/uploads\/2022\/04\/WhatsApp-Image-2022-04-20-at-7.16.55-PM-300x169.jpeg 300w, https:\/\/eldiariodesanpedro.com.ar\/sitio\/wp-content\/uploads\/2022\/04\/WhatsApp-Image-2022-04-20-at-7.16.55-PM-768x432.jpeg 768w, https:\/\/eldiariodesanpedro.com.ar\/sitio\/wp-content\/uploads\/2022\/04\/WhatsApp-Image-2022-04-20-at-7.16.55-PM.jpeg 1120w\" data-sizes=\"(max-width: 1024px) 100vw, 1024px\" src=\"data:image\/svg+xml;base64,PHN2ZyB3aWR0aD0iMSIgaGVpZ2h0PSIxIiB4bWxucz0iaHR0cDovL3d3dy53My5vcmcvMjAwMC9zdmciPjwvc3ZnPg==\" style=\"--smush-placeholder-width: 1024px; --smush-placeholder-aspect-ratio: 1024\/576;\" \/><\/figure>\n","protected":false},"excerpt":{"rendered":"<p>Este mi\u00e9rcoles qued\u00f3 inaugurada en San Pedro una nueva base operativa de control y fiscalizaci\u00f3n de la Agencia Nacional de Seguridad Vial (ANSV). Ubicada en el kil\u00f3metro 162 de la Ruta Nacional 9, permitir\u00e1 la cobertura y realizaci\u00f3n de operativos de control en la ruta mencionada, m\u00e1s las rutas nacionales 8 y 188 y la [&hellip;]<\/p>\n","protected":false},"author":4,"featured_media":106239,"comment_status":"closed","ping_status":"closed","sticky":false,"template":"","format":"standard","meta":{"om_disable_all_campaigns":false,"_jetpack_memberships_contains_paid_content":false,"footnotes":""},"categories":[50,101,2],"tags":[197,696,33,19],"class_list":["post-106237","post","type-post","status-publish","format-standard","has-post-thumbnail","hentry","category-destacadas","category-interes-general-locales","category-locales","tag-buenos-aires","tag-interes-general","tag-locales","tag-san-pedro"],"aioseo_notices":[],"gutentor_comment":0,"jetpack_featured_media_url":"https:\/\/eldiariodesanpedro.com.ar\/sitio\/wp-content\/uploads\/2022\/04\/WhatsApp-Image-2022-04-20-at-7.16.52-PM.jpeg","jetpack_shortlink":"https:\/\/wp.me\/p6RhLt-rDv","jetpack_sharing_enabled":true,"_links":{"self":[{"href":"https:\/\/eldiariodesanpedro.com.ar\/sitio\/wp-json\/wp\/v2\/posts\/106237","targetHints":{"allow":["GET"]}}],"collection":[{"href":"https:\/\/eldiariodesanpedro.com.ar\/sitio\/wp-json\/wp\/v2\/posts"}],"about":[{"href":"https:\/\/eldiariodesanpedro.com.ar\/sitio\/wp-json\/wp\/v2\/types\/post"}],"author":[{"embeddable":true,"href":"https:\/\/eldiariodesanpedro.com.ar\/sitio\/wp-json\/wp\/v2\/users\/4"}],"replies":[{"embeddable":true,"href":"https:\/\/eldiariodesanpedro.com.ar\/sitio\/wp-json\/wp\/v2\/comments?post=106237"}],"version-history":[{"count":1,"href":"https:\/\/eldiariodesanpedro.com.ar\/sitio\/wp-json\/wp\/v2\/posts\/106237\/revisions"}],"predecessor-version":[{"id":106246,"href":"https:\/\/eldiariodesanpedro.com.ar\/sitio\/wp-json\/wp\/v2\/posts\/106237\/revisions\/106246"}],"wp:featuredmedia":[{"embeddable":true,"href":"https:\/\/eldiariodesanpedro.com.ar\/sitio\/wp-json\/wp\/v2\/media\/106239"}],"wp:attachment":[{"href":"https:\/\/eldiariodesanpedro.com.ar\/sitio\/wp-json\/wp\/v2\/media?parent=106237"}],"wp:term":[{"taxonomy":"category","embeddable":true,"href":"https:\/\/eldiariodesanpedro.com.ar\/sitio\/wp-json\/wp\/v2\/categories?post=106237"},{"taxonomy":"post_tag","embeddable":true,"href":"https:\/\/eldiariodesanpedro.com.ar\/sitio\/wp-json\/wp\/v2\/tags?post=106237"}],"curies":[{"name":"wp","href":"https:\/\/api.w.org\/{rel}","templated":true}]}}