{"id":106234,"date":"2022-04-20T14:08:59","date_gmt":"2022-04-20T17:08:59","guid":{"rendered":"https:\/\/eldiariodesanpedro.com.ar\/sitio\/?p=106234"},"modified":"2022-04-20T14:08:59","modified_gmt":"2022-04-20T17:08:59","slug":"la-policia-realizo-allanamiento-en-tres-domicilios-por-el-robo-de-un-celular-por-parte-de-motochorros%ef%bf%bc","status":"publish","type":"post","link":"https:\/\/eldiariodesanpedro.com.ar\/sitio\/la-policia-realizo-allanamiento-en-tres-domicilios-por-el-robo-de-un-celular-por-parte-de-motochorros%ef%bf%bc\/","title":{"rendered":"La polic\u00eda realiz\u00f3 allanamiento en tres domicilios\u00a0 por el robo de un celular por parte de motochorros\ufffc"},"content":{"rendered":"<!-- VideographyWP Plugin Message: Automatic video embedding prevented by plugin options. -->\n\n<p>En la noche de ayer el personal policial de la comisar\u00eda, diligenci\u00f3 tres \u00f3rdenes de allanamiento de urgencia, autorizados por la justicia local tras elementos recolectados.&nbsp;<\/p>\n\n\n\n<p>Las diligencias se dieron en calle Auli al 400, La Laguna al 100, y Ansaloni al 1300 donde se buscaba un tel\u00e9fono celular robado, sin resultados positivos, pero secuestraron marihuana y coca\u00edna, como planta de marihuana.<br>Los delincuentes imputados, no se encontraban en la morada, pero en inmediaciones de uno de los objetivos, uno de ellos m\u00e1s precisamente un joven de 21 a\u00f1os de edad, fue demorado en momentos en que rondaba el operativo policial, a bordo de una motocicleta que fuera descripta en el hecho de robo y en la que fugaban los delincuentes, por lo que fue secuestrada al igual que un arma blanca que portaba.&nbsp;<\/p>\n\n\n\n<p>Fue puesto a disposici\u00f3n de la justicia, el hecho inicial se dio promediando las 21 hs cuando a una mujer de 40 a\u00f1os, en inmediaciones de Alvarado y 25 de mayo, fue sorprendida por un delincuente que le arrebata tel\u00e9fono celular,&nbsp; y fuga a bordo de una moto que era guiada por otro que lo espera.&nbsp;<\/p>\n","protected":false},"excerpt":{"rendered":"<p>En la noche de ayer el personal policial de la comisar\u00eda, diligenci\u00f3 tres \u00f3rdenes de allanamiento de urgencia, autorizados por la justicia local tras elementos recolectados.&nbsp; Las diligencias se dieron en calle Auli al 400, La Laguna al 100, y Ansaloni al 1300 donde se buscaba un tel\u00e9fono celular robado, sin resultados positivos, pero secuestraron [&hellip;]<\/p>\n","protected":false},"author":4,"featured_media":106235,"comment_status":"closed","ping_status":"closed","sticky":false,"template":"","format":"standard","meta":{"om_disable_all_campaigns":false,"_jetpack_memberships_contains_paid_content":false,"footnotes":""},"categories":[50,2,103],"tags":[197,33,95,19],"class_list":["post-106234","post","type-post","status-publish","format-standard","has-post-thumbnail","hentry","category-destacadas","category-locales","category-policiales-locales","tag-buenos-aires","tag-locales","tag-policiales","tag-san-pedro"],"aioseo_notices":[],"gutentor_comment":0,"jetpack_featured_media_url":"https:\/\/eldiariodesanpedro.com.ar\/sitio\/wp-content\/uploads\/2022\/04\/medida-6.jpg","jetpack_shortlink":"https:\/\/wp.me\/p6RhLt-rDs","jetpack_sharing_enabled":true,"_links":{"self":[{"href":"https:\/\/eldiariodesanpedro.com.ar\/sitio\/wp-json\/wp\/v2\/posts\/106234","targetHints":{"allow":["GET"]}}],"collection":[{"href":"https:\/\/eldiariodesanpedro.com.ar\/sitio\/wp-json\/wp\/v2\/posts"}],"about":[{"href":"https:\/\/eldiariodesanpedro.com.ar\/sitio\/wp-json\/wp\/v2\/types\/post"}],"author":[{"embeddable":true,"href":"https:\/\/eldiariodesanpedro.com.ar\/sitio\/wp-json\/wp\/v2\/users\/4"}],"replies":[{"embeddable":true,"href":"https:\/\/eldiariodesanpedro.com.ar\/sitio\/wp-json\/wp\/v2\/comments?post=106234"}],"version-history":[{"count":1,"href":"https:\/\/eldiariodesanpedro.com.ar\/sitio\/wp-json\/wp\/v2\/posts\/106234\/revisions"}],"predecessor-version":[{"id":106236,"href":"https:\/\/eldiariodesanpedro.com.ar\/sitio\/wp-json\/wp\/v2\/posts\/106234\/revisions\/106236"}],"wp:featuredmedia":[{"embeddable":true,"href":"https:\/\/eldiariodesanpedro.com.ar\/sitio\/wp-json\/wp\/v2\/media\/106235"}],"wp:attachment":[{"href":"https:\/\/eldiariodesanpedro.com.ar\/sitio\/wp-json\/wp\/v2\/media?parent=106234"}],"wp:term":[{"taxonomy":"category","embeddable":true,"href":"https:\/\/eldiariodesanpedro.com.ar\/sitio\/wp-json\/wp\/v2\/categories?post=106234"},{"taxonomy":"post_tag","embeddable":true,"href":"https:\/\/eldiariodesanpedro.com.ar\/sitio\/wp-json\/wp\/v2\/tags?post=106234"}],"curies":[{"name":"wp","href":"https:\/\/api.w.org\/{rel}","templated":true}]}}