{"id":106168,"date":"2022-04-19T14:29:55","date_gmt":"2022-04-19T17:29:55","guid":{"rendered":"https:\/\/eldiariodesanpedro.com.ar\/sitio\/?p=106168"},"modified":"2022-04-19T15:01:35","modified_gmt":"2022-04-19T18:01:35","slug":"repudio-por-dichos-misoginos-y-homofobicos-de-martin-rivas-hacia-la-artista-costi-tratandola-de-muchacho-y-transformista","status":"publish","type":"post","link":"https:\/\/eldiariodesanpedro.com.ar\/sitio\/repudio-por-dichos-misoginos-y-homofobicos-de-martin-rivas-hacia-la-artista-costi-tratandola-de-muchacho-y-transformista\/","title":{"rendered":"Repudio por dichos mis\u00f3ginos y homof\u00f3bicos de Mart\u00edn Rivas hacia la artista Costi trat\u00e1ndola de \u00abmuchacho y transformista\u00bb"},"content":{"rendered":"<!-- VideographyWP Plugin Message: Automatic video embedding prevented by plugin options. -->\n\n<p>La Secretar\u00eda de Pol\u00edticas de G\u00e9nero, Mujeres y Diversidad de la Municipalidad de San Pedro emiti\u00f3 un comunicado sobre los lamentables dichos al representantes de los libertarios en nuestra ciudad.<\/p>\n\n\n\n<p>Este martes, el comerciante propietario de un local gastron\u00f3mico de nuestra ciudad, Mart\u00edn Rivas, en declaraciones a un medio sampedrino, se refiri\u00f3 a la artista conocida art\u00edsticamente como Costi, quien este fin de semana se desempe\u00f1\u00f3 como jurado en el show de talentos, como \u00abeste muchacho\u00bb, para calificarlo luego como \u00abtransformista\u00bb.<\/p>\n\n\n\n<p>La gravedad de sus dichos deben ser repudiados como lo que son: un delito. Tal vez Rivas, quien aspir\u00f3 en las \u00faltimas elecciones a una banca de concejal, desconozca la existencia de la Ley 26743, de identidad de g\u00e9nero y los derechos que la misma garantiza a todas las personas trans (travestis, transexuales y transg\u00e9neros).<\/p>\n\n\n\n<p>Desde esta secretar\u00eda invitamos al comerciante a capacitarse y reflexionar sobre sus dichos discriminatorios, que no solo tuvieron como destinataria a Costi, sino tambi\u00e9n a quienes decidieron visitar la ciudad, como turistas.<\/p>\n\n\n\n<p>Afortunadamente sus dichos no reflejan el pensamiento de las y los sampedrinos que incluso han acogido en la ciudad al propio Rivas, abri\u00e9ndole las puertas de San Pedro a \u00e9l y su familia.<\/p>\n\n\n\n<iframe data-src=\"https:\/\/www.facebook.com\/plugins\/video.php?height=476&#038;href=https%3A%2F%2Fwww.facebook.com%2Fdiariosp2%2Fvideos%2F371469418375035%2F&#038;show_text=false&#038;width=476&#038;t=0\" width=\"476\" height=\"476\" style=\"border:none;overflow:hidden\" scrolling=\"no\" frameborder=\"0\" allowfullscreen=\"true\" allow=\"autoplay; clipboard-write; encrypted-media; picture-in-picture; web-share\" allowFullScreen=\"true\" src=\"data:image\/svg+xml;base64,PHN2ZyB3aWR0aD0iMSIgaGVpZ2h0PSIxIiB4bWxucz0iaHR0cDovL3d3dy53My5vcmcvMjAwMC9zdmciPjwvc3ZnPg==\" class=\"lazyload\" data-load-mode=\"1\"><\/iframe>\n","protected":false},"excerpt":{"rendered":"<p>La Secretar\u00eda de Pol\u00edticas de G\u00e9nero, Mujeres y Diversidad de la Municipalidad de San Pedro emiti\u00f3 un comunicado sobre los lamentables dichos al representantes de los libertarios en nuestra ciudad. Este martes, el comerciante propietario de un local gastron\u00f3mico de nuestra ciudad, Mart\u00edn Rivas, en declaraciones a un medio sampedrino, se refiri\u00f3 a la artista [&hellip;]<\/p>\n","protected":false},"author":4,"featured_media":106169,"comment_status":"closed","ping_status":"closed","sticky":false,"template":"","format":"standard","meta":{"om_disable_all_campaigns":false,"_jetpack_memberships_contains_paid_content":false,"footnotes":""},"categories":[50,101,2],"tags":[197,696,33,2835,19],"class_list":["post-106168","post","type-post","status-publish","format-standard","has-post-thumbnail","hentry","category-destacadas","category-interes-general-locales","category-locales","tag-buenos-aires","tag-interes-general","tag-locales","tag-repudio-por-dichos-misoginos-y-homofobicos-de-martin-rivas-hacia-la-artista-costi-tratandola-de-muchacho-y-transformista","tag-san-pedro"],"aioseo_notices":[],"gutentor_comment":0,"jetpack_featured_media_url":"https:\/\/eldiariodesanpedro.com.ar\/sitio\/wp-content\/uploads\/2022\/04\/11.jpg","jetpack_shortlink":"https:\/\/wp.me\/p6RhLt-rCo","jetpack_sharing_enabled":true,"_links":{"self":[{"href":"https:\/\/eldiariodesanpedro.com.ar\/sitio\/wp-json\/wp\/v2\/posts\/106168","targetHints":{"allow":["GET"]}}],"collection":[{"href":"https:\/\/eldiariodesanpedro.com.ar\/sitio\/wp-json\/wp\/v2\/posts"}],"about":[{"href":"https:\/\/eldiariodesanpedro.com.ar\/sitio\/wp-json\/wp\/v2\/types\/post"}],"author":[{"embeddable":true,"href":"https:\/\/eldiariodesanpedro.com.ar\/sitio\/wp-json\/wp\/v2\/users\/4"}],"replies":[{"embeddable":true,"href":"https:\/\/eldiariodesanpedro.com.ar\/sitio\/wp-json\/wp\/v2\/comments?post=106168"}],"version-history":[{"count":3,"href":"https:\/\/eldiariodesanpedro.com.ar\/sitio\/wp-json\/wp\/v2\/posts\/106168\/revisions"}],"predecessor-version":[{"id":106174,"href":"https:\/\/eldiariodesanpedro.com.ar\/sitio\/wp-json\/wp\/v2\/posts\/106168\/revisions\/106174"}],"wp:featuredmedia":[{"embeddable":true,"href":"https:\/\/eldiariodesanpedro.com.ar\/sitio\/wp-json\/wp\/v2\/media\/106169"}],"wp:attachment":[{"href":"https:\/\/eldiariodesanpedro.com.ar\/sitio\/wp-json\/wp\/v2\/media?parent=106168"}],"wp:term":[{"taxonomy":"category","embeddable":true,"href":"https:\/\/eldiariodesanpedro.com.ar\/sitio\/wp-json\/wp\/v2\/categories?post=106168"},{"taxonomy":"post_tag","embeddable":true,"href":"https:\/\/eldiariodesanpedro.com.ar\/sitio\/wp-json\/wp\/v2\/tags?post=106168"}],"curies":[{"name":"wp","href":"https:\/\/api.w.org\/{rel}","templated":true}]}}