{"id":106165,"date":"2022-04-19T14:13:34","date_gmt":"2022-04-19T17:13:34","guid":{"rendered":"https:\/\/eldiariodesanpedro.com.ar\/sitio\/?p=106165"},"modified":"2022-04-19T14:13:34","modified_gmt":"2022-04-19T17:13:34","slug":"homenaje-a-mariela-figueroa-a-cuatro-anos-de-su-femicidio","status":"publish","type":"post","link":"https:\/\/eldiariodesanpedro.com.ar\/sitio\/homenaje-a-mariela-figueroa-a-cuatro-anos-de-su-femicidio\/","title":{"rendered":"Homenaje a Mariela Figueroa, a cuatro a\u00f1os de su femicidio"},"content":{"rendered":"<!-- VideographyWP Plugin Message: Automatic video embedding prevented by plugin options. -->\n\n<p>La secretar\u00eda de Pol\u00edticas de G\u00e9nero, Mujeres y Diversidad de la Municipalidad de San Pedro, en conjunto con la mesa local de Atenci\u00f3n, Prevenci\u00f3n y Atenci\u00f3n de Violencia de G\u00e9nero y Familiar organizan un acto en homenaje a Mariela Figueroa, asesinada el 19 de abril de 2018.<\/p>\n\n\n\n<p>El mismo se concretar\u00e1 este martes 19 a las 18.30, en El Viejo Astillero (Juan Ismael Jim\u00e9nez 1600), donde se encuentra emplazada la escultura realizada por la agrupaci\u00f3n Minerva Mirabal y el artista Juan Jos\u00e9 D&#8217;Est\u00e9fano, en recordatorio a Mariela.<\/p>\n","protected":false},"excerpt":{"rendered":"<p>La secretar\u00eda de Pol\u00edticas de G\u00e9nero, Mujeres y Diversidad de la Municipalidad de San Pedro, en conjunto con la mesa local de Atenci\u00f3n, Prevenci\u00f3n y Atenci\u00f3n de Violencia de G\u00e9nero y Familiar organizan un acto en homenaje a Mariela Figueroa, asesinada el 19 de abril de 2018. El mismo se concretar\u00e1 este martes 19 a [&hellip;]<\/p>\n","protected":false},"author":4,"featured_media":106166,"comment_status":"closed","ping_status":"closed","sticky":false,"template":"","format":"standard","meta":{"om_disable_all_campaigns":false,"_jetpack_memberships_contains_paid_content":false,"footnotes":""},"categories":[50,101,2],"tags":[197,696,33,19],"class_list":["post-106165","post","type-post","status-publish","format-standard","has-post-thumbnail","hentry","category-destacadas","category-interes-general-locales","category-locales","tag-buenos-aires","tag-interes-general","tag-locales","tag-san-pedro"],"aioseo_notices":[],"gutentor_comment":0,"jetpack_featured_media_url":"https:\/\/eldiariodesanpedro.com.ar\/sitio\/wp-content\/uploads\/2022\/04\/27337348_897003243807589_5468146730068196543_n-741x400-1.jpg","jetpack_shortlink":"https:\/\/wp.me\/p6RhLt-rCl","jetpack_sharing_enabled":true,"_links":{"self":[{"href":"https:\/\/eldiariodesanpedro.com.ar\/sitio\/wp-json\/wp\/v2\/posts\/106165","targetHints":{"allow":["GET"]}}],"collection":[{"href":"https:\/\/eldiariodesanpedro.com.ar\/sitio\/wp-json\/wp\/v2\/posts"}],"about":[{"href":"https:\/\/eldiariodesanpedro.com.ar\/sitio\/wp-json\/wp\/v2\/types\/post"}],"author":[{"embeddable":true,"href":"https:\/\/eldiariodesanpedro.com.ar\/sitio\/wp-json\/wp\/v2\/users\/4"}],"replies":[{"embeddable":true,"href":"https:\/\/eldiariodesanpedro.com.ar\/sitio\/wp-json\/wp\/v2\/comments?post=106165"}],"version-history":[{"count":1,"href":"https:\/\/eldiariodesanpedro.com.ar\/sitio\/wp-json\/wp\/v2\/posts\/106165\/revisions"}],"predecessor-version":[{"id":106167,"href":"https:\/\/eldiariodesanpedro.com.ar\/sitio\/wp-json\/wp\/v2\/posts\/106165\/revisions\/106167"}],"wp:featuredmedia":[{"embeddable":true,"href":"https:\/\/eldiariodesanpedro.com.ar\/sitio\/wp-json\/wp\/v2\/media\/106166"}],"wp:attachment":[{"href":"https:\/\/eldiariodesanpedro.com.ar\/sitio\/wp-json\/wp\/v2\/media?parent=106165"}],"wp:term":[{"taxonomy":"category","embeddable":true,"href":"https:\/\/eldiariodesanpedro.com.ar\/sitio\/wp-json\/wp\/v2\/categories?post=106165"},{"taxonomy":"post_tag","embeddable":true,"href":"https:\/\/eldiariodesanpedro.com.ar\/sitio\/wp-json\/wp\/v2\/tags?post=106165"}],"curies":[{"name":"wp","href":"https:\/\/api.w.org\/{rel}","templated":true}]}}