{"id":106160,"date":"2022-04-19T13:43:01","date_gmt":"2022-04-19T16:43:01","guid":{"rendered":"https:\/\/eldiariodesanpedro.com.ar\/sitio\/?p=106160"},"modified":"2022-04-19T13:43:02","modified_gmt":"2022-04-19T16:43:02","slug":"comienzan-los-talleres-del-animate-vos-vales","status":"publish","type":"post","link":"https:\/\/eldiariodesanpedro.com.ar\/sitio\/comienzan-los-talleres-del-animate-vos-vales\/","title":{"rendered":"Comienzan los talleres del An\u00edmate vos Val\u00e9s"},"content":{"rendered":"<!-- VideographyWP Plugin Message: Automatic video embedding prevented by plugin options. -->\n\n<p>La Secretar\u00eda de Turismo y Cultura de la Municipalidad de San Pedro informa que se encuentran abiertas las inscripciones para los talleres que comienzan sus clases en el mes de mayo.<\/p>\n\n\n\n<p>Las personas interesadas en inscribirse a los talleres de teatro, fotograf\u00eda (Santa Luc\u00eda), home studio, malambo, lenguas de se\u00f1as, bachata, folklore (para localidades), electricidad (Gobernador Castro), cocina (Gobernador Castro), cuerda seca, rap (Gobernador Castro) y mosaiquismo pueden acercarse al Centro Cultural Abelardo Castillo ubicado en 25 de mayo 848.<\/p>\n","protected":false},"excerpt":{"rendered":"<p>La Secretar\u00eda de Turismo y Cultura de la Municipalidad de San Pedro informa que se encuentran abiertas las inscripciones para los talleres que comienzan sus clases en el mes de mayo. Las personas interesadas en inscribirse a los talleres de teatro, fotograf\u00eda (Santa Luc\u00eda), home studio, malambo, lenguas de se\u00f1as, bachata, folklore (para localidades), electricidad [&hellip;]<\/p>\n","protected":false},"author":4,"featured_media":106161,"comment_status":"closed","ping_status":"closed","sticky":false,"template":"","format":"standard","meta":{"om_disable_all_campaigns":false,"_jetpack_memberships_contains_paid_content":false,"footnotes":""},"categories":[50,101,2],"tags":[197,696,33,19],"class_list":["post-106160","post","type-post","status-publish","format-standard","has-post-thumbnail","hentry","category-destacadas","category-interes-general-locales","category-locales","tag-buenos-aires","tag-interes-general","tag-locales","tag-san-pedro"],"aioseo_notices":[],"gutentor_comment":0,"jetpack_featured_media_url":"https:\/\/eldiariodesanpedro.com.ar\/sitio\/wp-content\/uploads\/2022\/04\/WhatsApp-Image-2021-09-25-at-17.15.22.jpeg","jetpack_shortlink":"https:\/\/wp.me\/p6RhLt-rCg","jetpack_sharing_enabled":true,"_links":{"self":[{"href":"https:\/\/eldiariodesanpedro.com.ar\/sitio\/wp-json\/wp\/v2\/posts\/106160","targetHints":{"allow":["GET"]}}],"collection":[{"href":"https:\/\/eldiariodesanpedro.com.ar\/sitio\/wp-json\/wp\/v2\/posts"}],"about":[{"href":"https:\/\/eldiariodesanpedro.com.ar\/sitio\/wp-json\/wp\/v2\/types\/post"}],"author":[{"embeddable":true,"href":"https:\/\/eldiariodesanpedro.com.ar\/sitio\/wp-json\/wp\/v2\/users\/4"}],"replies":[{"embeddable":true,"href":"https:\/\/eldiariodesanpedro.com.ar\/sitio\/wp-json\/wp\/v2\/comments?post=106160"}],"version-history":[{"count":2,"href":"https:\/\/eldiariodesanpedro.com.ar\/sitio\/wp-json\/wp\/v2\/posts\/106160\/revisions"}],"predecessor-version":[{"id":106163,"href":"https:\/\/eldiariodesanpedro.com.ar\/sitio\/wp-json\/wp\/v2\/posts\/106160\/revisions\/106163"}],"wp:featuredmedia":[{"embeddable":true,"href":"https:\/\/eldiariodesanpedro.com.ar\/sitio\/wp-json\/wp\/v2\/media\/106161"}],"wp:attachment":[{"href":"https:\/\/eldiariodesanpedro.com.ar\/sitio\/wp-json\/wp\/v2\/media?parent=106160"}],"wp:term":[{"taxonomy":"category","embeddable":true,"href":"https:\/\/eldiariodesanpedro.com.ar\/sitio\/wp-json\/wp\/v2\/categories?post=106160"},{"taxonomy":"post_tag","embeddable":true,"href":"https:\/\/eldiariodesanpedro.com.ar\/sitio\/wp-json\/wp\/v2\/tags?post=106160"}],"curies":[{"name":"wp","href":"https:\/\/api.w.org\/{rel}","templated":true}]}}