{"id":106155,"date":"2022-04-19T11:15:53","date_gmt":"2022-04-19T14:15:53","guid":{"rendered":"https:\/\/eldiariodesanpedro.com.ar\/sitio\/?p=106155"},"modified":"2022-04-19T11:18:38","modified_gmt":"2022-04-19T14:18:38","slug":"un-joven-grave-estado-tras-caerse-de-una-motocicleta%ef%bf%bc","status":"publish","type":"post","link":"https:\/\/eldiariodesanpedro.com.ar\/sitio\/un-joven-grave-estado-tras-caerse-de-una-motocicleta%ef%bf%bc\/","title":{"rendered":"Un joven en grave estado tras caerse de una motocicleta\ufffc"},"content":{"rendered":"<!-- VideographyWP Plugin Message: Automatic video embedding prevented by plugin options. -->\n\n<p>En la jornada de ayer lunes alrededor de las 16 hs por razones que se tratan de establecer en la intersecci\u00f3n de la Av. 3 de Febrero y 24 de Febrero, una motocicleta 110cc guiada por un ciudadano de 27 a\u00f1os llevando como acompa\u00f1ante a otro joven de 23 a\u00f1os, pierde equilibrio cayendo ambos ocupantes.&nbsp;<\/p>\n\n\n\n<p>Como consecuencia el acompa\u00f1ante fue trasladado al nosocomio local por trauma de cr\u00e1neo.&nbsp;<\/p>\n\n\n\n<p>En la jornada de hoy martes tras estudios realizados se decidi\u00f3 que el mismo sea trasladado a un nosocomio de mayor complejidad teniendo en cuenta, que el joven se encuentra en estado delicado.<\/p>\n","protected":false},"excerpt":{"rendered":"<p>En la jornada de ayer lunes alrededor de las 16 hs por razones que se tratan de establecer en la intersecci\u00f3n de la Av. 3 de Febrero y 24 de Febrero, una motocicleta 110cc guiada por un ciudadano de 27 a\u00f1os llevando como acompa\u00f1ante a otro joven de 23 a\u00f1os, pierde equilibrio cayendo ambos ocupantes.&nbsp; [&hellip;]<\/p>\n","protected":false},"author":4,"featured_media":106156,"comment_status":"closed","ping_status":"closed","sticky":false,"template":"","format":"standard","meta":{"om_disable_all_campaigns":false,"_jetpack_memberships_contains_paid_content":false,"footnotes":""},"categories":[2,103],"tags":[197,696,33,19],"class_list":["post-106155","post","type-post","status-publish","format-standard","has-post-thumbnail","hentry","category-locales","category-policiales-locales","tag-buenos-aires","tag-interes-general","tag-locales","tag-san-pedro"],"aioseo_notices":[],"gutentor_comment":0,"jetpack_featured_media_url":"https:\/\/eldiariodesanpedro.com.ar\/sitio\/wp-content\/uploads\/2022\/04\/Instagram-5.jpg","jetpack_shortlink":"https:\/\/wp.me\/p6RhLt-rCb","jetpack_sharing_enabled":true,"_links":{"self":[{"href":"https:\/\/eldiariodesanpedro.com.ar\/sitio\/wp-json\/wp\/v2\/posts\/106155","targetHints":{"allow":["GET"]}}],"collection":[{"href":"https:\/\/eldiariodesanpedro.com.ar\/sitio\/wp-json\/wp\/v2\/posts"}],"about":[{"href":"https:\/\/eldiariodesanpedro.com.ar\/sitio\/wp-json\/wp\/v2\/types\/post"}],"author":[{"embeddable":true,"href":"https:\/\/eldiariodesanpedro.com.ar\/sitio\/wp-json\/wp\/v2\/users\/4"}],"replies":[{"embeddable":true,"href":"https:\/\/eldiariodesanpedro.com.ar\/sitio\/wp-json\/wp\/v2\/comments?post=106155"}],"version-history":[{"count":2,"href":"https:\/\/eldiariodesanpedro.com.ar\/sitio\/wp-json\/wp\/v2\/posts\/106155\/revisions"}],"predecessor-version":[{"id":106159,"href":"https:\/\/eldiariodesanpedro.com.ar\/sitio\/wp-json\/wp\/v2\/posts\/106155\/revisions\/106159"}],"wp:featuredmedia":[{"embeddable":true,"href":"https:\/\/eldiariodesanpedro.com.ar\/sitio\/wp-json\/wp\/v2\/media\/106156"}],"wp:attachment":[{"href":"https:\/\/eldiariodesanpedro.com.ar\/sitio\/wp-json\/wp\/v2\/media?parent=106155"}],"wp:term":[{"taxonomy":"category","embeddable":true,"href":"https:\/\/eldiariodesanpedro.com.ar\/sitio\/wp-json\/wp\/v2\/categories?post=106155"},{"taxonomy":"post_tag","embeddable":true,"href":"https:\/\/eldiariodesanpedro.com.ar\/sitio\/wp-json\/wp\/v2\/tags?post=106155"}],"curies":[{"name":"wp","href":"https:\/\/api.w.org\/{rel}","templated":true}]}}