{"id":106148,"date":"2022-04-19T09:48:12","date_gmt":"2022-04-19T12:48:12","guid":{"rendered":"https:\/\/eldiariodesanpedro.com.ar\/sitio\/?p=106148"},"modified":"2022-04-19T09:48:13","modified_gmt":"2022-04-19T12:48:13","slug":"dos-aprehendidos-tras-herir-a-un-joven-de-16-anos-herido-por-perdigones-de-una-escopeta-%ef%bf%bc","status":"publish","type":"post","link":"https:\/\/eldiariodesanpedro.com.ar\/sitio\/dos-aprehendidos-tras-herir-a-un-joven-de-16-anos-herido-por-perdigones-de-una-escopeta-%ef%bf%bc\/","title":{"rendered":"Dos aprehendidos tras herir a un joven de 16 a\u00f1os herido por perdigones de una escopeta\u00a0\ufffc"},"content":{"rendered":"<!-- VideographyWP Plugin Message: Automatic video embedding prevented by plugin options. -->\n\n<p>Este lunes pasadas las 23 hs el personal policial acudi\u00f3 alertado por conflicto vecinal, a calle Estrada y Gomila&nbsp; donde se aprehendi\u00f3 a ciudadano de 39 a\u00f1os secuestrando pistol\u00f3n calibre 14, 2 vainas servidas y&nbsp; 4 cartuchos intactos, como as\u00ed tambi\u00e9n se aprehendi\u00f3 a masculino de 18 a\u00f1os secuentrandosele arma blanca tipo cuchilla.&nbsp;<\/p>\n\n\n\n<p>Se logr\u00f3 determinar instantes antes que el aprehendido de 39 a\u00f1os efectu\u00f3 disparos lesionando a menor de 16 a\u00f1os quien manten\u00eda gresca por conflicto vecinal con el aprehendido de 18 a\u00f1os.&nbsp;&nbsp;<\/p>\n\n\n\n<p>Como resultado, el menor de 16 a\u00f1os sufri\u00f3 m\u00faltiples lesiones por perdigones en tronco y miembros, car\u00e1cter leves.&nbsp;<\/p>\n\n\n\n<p>Imputados alojados. Interviene Ufi Nro. 5\u00a0<\/p>\n\n\n\n<figure class=\"wp-block-image size-large\"><img decoding=\"async\" width=\"1024\" height=\"575\" data-attachment-id=\"106151\" data-permalink=\"https:\/\/eldiariodesanpedro.com.ar\/sitio\/dos-aprehendidos-tras-herir-a-un-joven-de-16-anos-herido-por-perdigones-de-una-escopeta-%ef%bf%bc\/whatsapp-image-2022-04-19-at-9-37-14-am\/\" data-orig-file=\"https:\/\/eldiariodesanpedro.com.ar\/sitio\/wp-content\/uploads\/2022\/04\/WhatsApp-Image-2022-04-19-at-9.37.14-AM.jpeg\" data-orig-size=\"1121,630\" data-comments-opened=\"0\" data-image-meta=\"{&quot;aperture&quot;:&quot;0&quot;,&quot;credit&quot;:&quot;&quot;,&quot;camera&quot;:&quot;&quot;,&quot;caption&quot;:&quot;&quot;,&quot;created_timestamp&quot;:&quot;0&quot;,&quot;copyright&quot;:&quot;&quot;,&quot;focal_length&quot;:&quot;0&quot;,&quot;iso&quot;:&quot;0&quot;,&quot;shutter_speed&quot;:&quot;0&quot;,&quot;title&quot;:&quot;&quot;,&quot;orientation&quot;:&quot;0&quot;}\" data-image-title=\"WhatsApp Image 2022-04-19 at 9.37.14 AM\" data-image-description=\"\" data-image-caption=\"\" data-large-file=\"https:\/\/eldiariodesanpedro.com.ar\/sitio\/wp-content\/uploads\/2022\/04\/WhatsApp-Image-2022-04-19-at-9.37.14-AM-1024x575.jpeg\" data-src=\"https:\/\/eldiariodesanpedro.com.ar\/sitio\/wp-content\/uploads\/2022\/04\/WhatsApp-Image-2022-04-19-at-9.37.14-AM-1024x575.jpeg\" alt=\"\" class=\"wp-image-106151 lazyload\" data-srcset=\"https:\/\/eldiariodesanpedro.com.ar\/sitio\/wp-content\/uploads\/2022\/04\/WhatsApp-Image-2022-04-19-at-9.37.14-AM-1024x575.jpeg 1024w, https:\/\/eldiariodesanpedro.com.ar\/sitio\/wp-content\/uploads\/2022\/04\/WhatsApp-Image-2022-04-19-at-9.37.14-AM-300x169.jpeg 300w, https:\/\/eldiariodesanpedro.com.ar\/sitio\/wp-content\/uploads\/2022\/04\/WhatsApp-Image-2022-04-19-at-9.37.14-AM-768x432.jpeg 768w, https:\/\/eldiariodesanpedro.com.ar\/sitio\/wp-content\/uploads\/2022\/04\/WhatsApp-Image-2022-04-19-at-9.37.14-AM.jpeg 1121w\" data-sizes=\"(max-width: 1024px) 100vw, 1024px\" src=\"data:image\/svg+xml;base64,PHN2ZyB3aWR0aD0iMSIgaGVpZ2h0PSIxIiB4bWxucz0iaHR0cDovL3d3dy53My5vcmcvMjAwMC9zdmciPjwvc3ZnPg==\" style=\"--smush-placeholder-width: 1024px; --smush-placeholder-aspect-ratio: 1024\/575;\" \/><\/figure>\n\n\n\n<figure class=\"wp-block-image size-full\"><img decoding=\"async\" width=\"354\" height=\"630\" data-attachment-id=\"106149\" data-permalink=\"https:\/\/eldiariodesanpedro.com.ar\/sitio\/dos-aprehendidos-tras-herir-a-un-joven-de-16-anos-herido-por-perdigones-de-una-escopeta-%ef%bf%bc\/whatsapp-image-2022-04-19-at-9-37-13-am-1\/\" data-orig-file=\"https:\/\/eldiariodesanpedro.com.ar\/sitio\/wp-content\/uploads\/2022\/04\/WhatsApp-Image-2022-04-19-at-9.37.13-AM-1.jpeg\" data-orig-size=\"354,630\" data-comments-opened=\"0\" data-image-meta=\"{&quot;aperture&quot;:&quot;0&quot;,&quot;credit&quot;:&quot;&quot;,&quot;camera&quot;:&quot;&quot;,&quot;caption&quot;:&quot;&quot;,&quot;created_timestamp&quot;:&quot;0&quot;,&quot;copyright&quot;:&quot;&quot;,&quot;focal_length&quot;:&quot;0&quot;,&quot;iso&quot;:&quot;0&quot;,&quot;shutter_speed&quot;:&quot;0&quot;,&quot;title&quot;:&quot;&quot;,&quot;orientation&quot;:&quot;0&quot;}\" data-image-title=\"WhatsApp Image 2022-04-19 at 9.37.13 AM (1)\" data-image-description=\"\" data-image-caption=\"\" data-large-file=\"https:\/\/eldiariodesanpedro.com.ar\/sitio\/wp-content\/uploads\/2022\/04\/WhatsApp-Image-2022-04-19-at-9.37.13-AM-1.jpeg\" data-src=\"https:\/\/eldiariodesanpedro.com.ar\/sitio\/wp-content\/uploads\/2022\/04\/WhatsApp-Image-2022-04-19-at-9.37.13-AM-1.jpeg\" alt=\"\" class=\"wp-image-106149 lazyload\" data-srcset=\"https:\/\/eldiariodesanpedro.com.ar\/sitio\/wp-content\/uploads\/2022\/04\/WhatsApp-Image-2022-04-19-at-9.37.13-AM-1.jpeg 354w, https:\/\/eldiariodesanpedro.com.ar\/sitio\/wp-content\/uploads\/2022\/04\/WhatsApp-Image-2022-04-19-at-9.37.13-AM-1-169x300.jpeg 169w\" data-sizes=\"(max-width: 354px) 100vw, 354px\" src=\"data:image\/svg+xml;base64,PHN2ZyB3aWR0aD0iMSIgaGVpZ2h0PSIxIiB4bWxucz0iaHR0cDovL3d3dy53My5vcmcvMjAwMC9zdmciPjwvc3ZnPg==\" style=\"--smush-placeholder-width: 354px; --smush-placeholder-aspect-ratio: 354\/630;\" \/><\/figure>\n","protected":false},"excerpt":{"rendered":"<p>Este lunes pasadas las 23 hs el personal policial acudi\u00f3 alertado por conflicto vecinal, a calle Estrada y Gomila&nbsp; donde se aprehendi\u00f3 a ciudadano de 39 a\u00f1os secuestrando pistol\u00f3n calibre 14, 2 vainas servidas y&nbsp; 4 cartuchos intactos, como as\u00ed tambi\u00e9n se aprehendi\u00f3 a masculino de 18 a\u00f1os secuentrandosele arma blanca tipo cuchilla.&nbsp; Se logr\u00f3 [&hellip;]<\/p>\n","protected":false},"author":4,"featured_media":106150,"comment_status":"closed","ping_status":"closed","sticky":false,"template":"","format":"standard","meta":{"om_disable_all_campaigns":false,"_jetpack_memberships_contains_paid_content":false,"footnotes":""},"categories":[50,2,103],"tags":[197,33,95,19],"class_list":["post-106148","post","type-post","status-publish","format-standard","has-post-thumbnail","hentry","category-destacadas","category-locales","category-policiales-locales","tag-buenos-aires","tag-locales","tag-policiales","tag-san-pedro"],"aioseo_notices":[],"gutentor_comment":0,"jetpack_featured_media_url":"https:\/\/eldiariodesanpedro.com.ar\/sitio\/wp-content\/uploads\/2022\/04\/WhatsApp-Image-2022-04-19-at-9.37.13-AM.jpeg","jetpack_shortlink":"https:\/\/wp.me\/p6RhLt-rC4","jetpack_sharing_enabled":true,"_links":{"self":[{"href":"https:\/\/eldiariodesanpedro.com.ar\/sitio\/wp-json\/wp\/v2\/posts\/106148","targetHints":{"allow":["GET"]}}],"collection":[{"href":"https:\/\/eldiariodesanpedro.com.ar\/sitio\/wp-json\/wp\/v2\/posts"}],"about":[{"href":"https:\/\/eldiariodesanpedro.com.ar\/sitio\/wp-json\/wp\/v2\/types\/post"}],"author":[{"embeddable":true,"href":"https:\/\/eldiariodesanpedro.com.ar\/sitio\/wp-json\/wp\/v2\/users\/4"}],"replies":[{"embeddable":true,"href":"https:\/\/eldiariodesanpedro.com.ar\/sitio\/wp-json\/wp\/v2\/comments?post=106148"}],"version-history":[{"count":1,"href":"https:\/\/eldiariodesanpedro.com.ar\/sitio\/wp-json\/wp\/v2\/posts\/106148\/revisions"}],"predecessor-version":[{"id":106152,"href":"https:\/\/eldiariodesanpedro.com.ar\/sitio\/wp-json\/wp\/v2\/posts\/106148\/revisions\/106152"}],"wp:featuredmedia":[{"embeddable":true,"href":"https:\/\/eldiariodesanpedro.com.ar\/sitio\/wp-json\/wp\/v2\/media\/106150"}],"wp:attachment":[{"href":"https:\/\/eldiariodesanpedro.com.ar\/sitio\/wp-json\/wp\/v2\/media?parent=106148"}],"wp:term":[{"taxonomy":"category","embeddable":true,"href":"https:\/\/eldiariodesanpedro.com.ar\/sitio\/wp-json\/wp\/v2\/categories?post=106148"},{"taxonomy":"post_tag","embeddable":true,"href":"https:\/\/eldiariodesanpedro.com.ar\/sitio\/wp-json\/wp\/v2\/tags?post=106148"}],"curies":[{"name":"wp","href":"https:\/\/api.w.org\/{rel}","templated":true}]}}