{"id":106139,"date":"2022-04-18T19:16:59","date_gmt":"2022-04-18T22:16:59","guid":{"rendered":"https:\/\/eldiariodesanpedro.com.ar\/sitio\/?p=106139"},"modified":"2022-04-18T19:17:00","modified_gmt":"2022-04-18T22:17:00","slug":"con-mas-de-60-actores-y-una-gran-cantidad-de-espectadores-se-realizo-jesus-de-nazareth","status":"publish","type":"post","link":"https:\/\/eldiariodesanpedro.com.ar\/sitio\/con-mas-de-60-actores-y-una-gran-cantidad-de-espectadores-se-realizo-jesus-de-nazareth\/","title":{"rendered":"Con mas de 60 actores y una gran cantidad de espectadores se realizo Jes\u00fas de Nazareth"},"content":{"rendered":"<!-- VideographyWP Plugin Message: Automatic video embedding prevented by plugin options. -->\n\n<p>Con m\u00e1s de 60 actores, se desarroll\u00f3 en el imponente marco de la barranca en la Plazoleta Ej\u00e9rcito de Los Andes, la obra basada en la vida de Jesucristo.<\/p>\n\n\n\n<p>Cont\u00f3 con la direcci\u00f3n teatral de Daniel Corti, la m\u00fasica a cargo de Daniel Ronzani y la participaci\u00f3n de m\u00e1s de 100 personas hicieron posible la puesta en escena.<\/p>\n\n\n\n<p>Esta actividad se llevar\u00e1 a cabo conjuntamente entre las diferentes \u00e1reas que componen la Comisi\u00f3n de Eventos de la Municipalidad de San Pedro y la Comisi\u00f3n de Cultura del Honorable Concejo Deliberante.<\/p>\n\n\n\n<p>Ante un gran marco de p\u00fablico, los cuales emocionados ovacionaron a los participantes una vez concluido el evento.<\/p>\n\n\n\n<iframe data-src=\"https:\/\/www.facebook.com\/plugins\/post.php?href=https%3A%2F%2Fwww.facebook.com%2Feldiario.sanpedro.7%2Fposts%2F1181437552598789&#038;show_text=true&#038;width=500\" width=\"500\" height=\"687\" style=\"border:none;overflow:hidden\" scrolling=\"no\" frameborder=\"0\" allowfullscreen=\"true\" allow=\"autoplay; clipboard-write; encrypted-media; picture-in-picture; web-share\" src=\"data:image\/svg+xml;base64,PHN2ZyB3aWR0aD0iMSIgaGVpZ2h0PSIxIiB4bWxucz0iaHR0cDovL3d3dy53My5vcmcvMjAwMC9zdmciPjwvc3ZnPg==\" class=\"lazyload\" data-load-mode=\"1\"><\/iframe>\n\n\n\n<p><\/p>\n","protected":false},"excerpt":{"rendered":"<p>Con m\u00e1s de 60 actores, se desarroll\u00f3 en el imponente marco de la barranca en la Plazoleta Ej\u00e9rcito de Los Andes, la obra basada en la vida de Jesucristo. Cont\u00f3 con la direcci\u00f3n teatral de Daniel Corti, la m\u00fasica a cargo de Daniel Ronzani y la participaci\u00f3n de m\u00e1s de 100 personas hicieron posible la [&hellip;]<\/p>\n","protected":false},"author":4,"featured_media":106140,"comment_status":"closed","ping_status":"closed","sticky":false,"template":"","format":"standard","meta":{"om_disable_all_campaigns":false,"_jetpack_memberships_contains_paid_content":false,"footnotes":""},"categories":[50,101,2],"tags":[197,696,33,19],"class_list":["post-106139","post","type-post","status-publish","format-standard","has-post-thumbnail","hentry","category-destacadas","category-interes-general-locales","category-locales","tag-buenos-aires","tag-interes-general","tag-locales","tag-san-pedro"],"aioseo_notices":[],"gutentor_comment":0,"jetpack_featured_media_url":"https:\/\/eldiariodesanpedro.com.ar\/sitio\/wp-content\/uploads\/2022\/04\/278840347_309595641272308_7486030306139281128_n.jpg","jetpack_shortlink":"https:\/\/wp.me\/p6RhLt-rBV","jetpack_sharing_enabled":true,"_links":{"self":[{"href":"https:\/\/eldiariodesanpedro.com.ar\/sitio\/wp-json\/wp\/v2\/posts\/106139","targetHints":{"allow":["GET"]}}],"collection":[{"href":"https:\/\/eldiariodesanpedro.com.ar\/sitio\/wp-json\/wp\/v2\/posts"}],"about":[{"href":"https:\/\/eldiariodesanpedro.com.ar\/sitio\/wp-json\/wp\/v2\/types\/post"}],"author":[{"embeddable":true,"href":"https:\/\/eldiariodesanpedro.com.ar\/sitio\/wp-json\/wp\/v2\/users\/4"}],"replies":[{"embeddable":true,"href":"https:\/\/eldiariodesanpedro.com.ar\/sitio\/wp-json\/wp\/v2\/comments?post=106139"}],"version-history":[{"count":1,"href":"https:\/\/eldiariodesanpedro.com.ar\/sitio\/wp-json\/wp\/v2\/posts\/106139\/revisions"}],"predecessor-version":[{"id":106141,"href":"https:\/\/eldiariodesanpedro.com.ar\/sitio\/wp-json\/wp\/v2\/posts\/106139\/revisions\/106141"}],"wp:featuredmedia":[{"embeddable":true,"href":"https:\/\/eldiariodesanpedro.com.ar\/sitio\/wp-json\/wp\/v2\/media\/106140"}],"wp:attachment":[{"href":"https:\/\/eldiariodesanpedro.com.ar\/sitio\/wp-json\/wp\/v2\/media?parent=106139"}],"wp:term":[{"taxonomy":"category","embeddable":true,"href":"https:\/\/eldiariodesanpedro.com.ar\/sitio\/wp-json\/wp\/v2\/categories?post=106139"},{"taxonomy":"post_tag","embeddable":true,"href":"https:\/\/eldiariodesanpedro.com.ar\/sitio\/wp-json\/wp\/v2\/tags?post=106139"}],"curies":[{"name":"wp","href":"https:\/\/api.w.org\/{rel}","templated":true}]}}