{"id":106134,"date":"2022-04-18T18:56:26","date_gmt":"2022-04-18T21:56:26","guid":{"rendered":"https:\/\/eldiariodesanpedro.com.ar\/sitio\/?p=106134"},"modified":"2022-04-18T18:56:27","modified_gmt":"2022-04-18T21:56:27","slug":"se-viene-marea-el-primer-encuentro-feminista-y-diverso-de-la-region","status":"publish","type":"post","link":"https:\/\/eldiariodesanpedro.com.ar\/sitio\/se-viene-marea-el-primer-encuentro-feminista-y-diverso-de-la-region\/","title":{"rendered":"Se viene Marea, el primer encuentro feminista y diverso de la regi\u00f3n"},"content":{"rendered":"<!-- VideographyWP Plugin Message: Automatic video embedding prevented by plugin options. -->\n\n<p>El pr\u00f3ximo s\u00e1bado 23 de abril se concretar\u00e1 en San Pedro \u00abMarea\u00bb, el primer encuentro Feminista y Diverso de la Regi\u00f3n 2, organizado por el ministerio de las Mujeres, Pol\u00edticas de G\u00e9nero y Diversidad Sexual de la provincia de Buenos Aires, en conjunto con la secretar\u00eda de Pol\u00edticas de G\u00e9nero, Mujeres y Diversidad de la Municipalidad de San Pedro.<\/p>\n\n\n\n<p>Este lunes, en conferencia de prensa, la Coordinadora de Acci\u00f3n Territorial de la subsecretar\u00eda de Pol\u00edticas de G\u00e9nero y Diversidad Sexual del Ministerio de las Mujeres, Pol\u00edticas de G\u00e9nero y Diversidad Sexual bonaerense, Evelyn Flores, en conjunto con el secretario de Gobierno Pablo Vlaeminck y la secretaria de Pol\u00edticas de G\u00e9nero, Mujeres y Diversidad Laura Monfasani, brindaron el detalle de las actividades que comenzar\u00e1n a las 13.00, con la acreditaci\u00f3n, para dar inicio a las 14.00 al trabajo en comisiones.<\/p>\n\n\n\n<p>Las tem\u00e1ticas que se abordar\u00e1n en los distintos talleres son: Masculinidades; Diversidad; Cupo laboral, salud, salud sexual y reproductiva; Gesti\u00f3n menstrual; Corresponsabilidad en los cuidados, obligaci\u00f3n alimentaria y endeudamiento; Diversidad Corporal. Habr\u00e1 adem\u00e1s un espacio para las ni\u00f1eces, con juegos y shows incluidos.<\/p>\n\n\n\n<p>En este sentido, Flores record\u00f3 que la participaci\u00f3n en estos espacios requiere inscripci\u00f3n previa, que se puede realizar de manera online, completando el siguiente formulario: https:\/\/docs.google.com\/forms\/d\/1V0-Be0JQMY8W6tmZHQ7FVArfTji3aDB9oDUQ_L9c-Vk\/viewform?edit_requested=true<\/p>\n\n\n\n<p>A las 17.00, est\u00e1 previsto el cierre institucional a cargo de la ministra Estela D\u00edaz y el intendente Ram\u00f3n Salazar, junto a la subsecretaria Luc\u00eda Portos y la secretaria de G\u00e9neros de San Pedro, Laura Monfasani.<\/p>\n\n\n\n<p>A las 18.00, en tanto, llegar\u00e1 el cierre musical, a cargo de la reconocida artista Miss Bolivia. El show ser\u00e1 abierto para toda la comunidad.<\/p>\n\n\n\n<p>El evento contar\u00e1 adem\u00e1s con la presencia de feriantes locales y de distintos organismos del estado que tendr\u00e1n sus puestos en el Paseo P\u00fablico. Por el momento fueron confirmados el IPS, ministerio de Ambiente de la Provincia de Buenos Aires, ministerio de Trabajo bonaerense, el ministerio de las Mujeres, G\u00e9neros y Diversidad, Ministerio de Salud &#8211; Regi\u00f3n Sanitaria IV, Centro de Acceso a la Justicia, y Comisar\u00eda de la Mujer y la Familia.<\/p>\n\n\n\n<figure class=\"wp-block-image size-full\"><img decoding=\"async\" width=\"631\" height=\"630\" data-attachment-id=\"106137\" data-permalink=\"https:\/\/eldiariodesanpedro.com.ar\/sitio\/se-viene-marea-el-primer-encuentro-feminista-y-diverso-de-la-region\/whatsapp-image-2022-04-18-at-4-23-20-pm\/\" data-orig-file=\"https:\/\/eldiariodesanpedro.com.ar\/sitio\/wp-content\/uploads\/2022\/04\/WhatsApp-Image-2022-04-18-at-4.23.20-PM.jpeg\" data-orig-size=\"631,630\" data-comments-opened=\"0\" data-image-meta=\"{&quot;aperture&quot;:&quot;0&quot;,&quot;credit&quot;:&quot;&quot;,&quot;camera&quot;:&quot;&quot;,&quot;caption&quot;:&quot;&quot;,&quot;created_timestamp&quot;:&quot;0&quot;,&quot;copyright&quot;:&quot;&quot;,&quot;focal_length&quot;:&quot;0&quot;,&quot;iso&quot;:&quot;0&quot;,&quot;shutter_speed&quot;:&quot;0&quot;,&quot;title&quot;:&quot;&quot;,&quot;orientation&quot;:&quot;0&quot;}\" data-image-title=\"WhatsApp Image 2022-04-18 at 4.23.20 PM\" data-image-description=\"\" data-image-caption=\"\" data-large-file=\"https:\/\/eldiariodesanpedro.com.ar\/sitio\/wp-content\/uploads\/2022\/04\/WhatsApp-Image-2022-04-18-at-4.23.20-PM.jpeg\" data-src=\"https:\/\/eldiariodesanpedro.com.ar\/sitio\/wp-content\/uploads\/2022\/04\/WhatsApp-Image-2022-04-18-at-4.23.20-PM.jpeg\" alt=\"\" class=\"wp-image-106137 lazyload\" data-srcset=\"https:\/\/eldiariodesanpedro.com.ar\/sitio\/wp-content\/uploads\/2022\/04\/WhatsApp-Image-2022-04-18-at-4.23.20-PM.jpeg 631w, https:\/\/eldiariodesanpedro.com.ar\/sitio\/wp-content\/uploads\/2022\/04\/WhatsApp-Image-2022-04-18-at-4.23.20-PM-300x300.jpeg 300w, https:\/\/eldiariodesanpedro.com.ar\/sitio\/wp-content\/uploads\/2022\/04\/WhatsApp-Image-2022-04-18-at-4.23.20-PM-150x150.jpeg 150w\" data-sizes=\"(max-width: 631px) 100vw, 631px\" src=\"data:image\/svg+xml;base64,PHN2ZyB3aWR0aD0iMSIgaGVpZ2h0PSIxIiB4bWxucz0iaHR0cDovL3d3dy53My5vcmcvMjAwMC9zdmciPjwvc3ZnPg==\" style=\"--smush-placeholder-width: 631px; --smush-placeholder-aspect-ratio: 631\/630;\" \/><\/figure>\n\n\n\n<figure class=\"wp-block-image size-full\"><img decoding=\"async\" width=\"840\" height=\"630\" data-attachment-id=\"106136\" data-permalink=\"https:\/\/eldiariodesanpedro.com.ar\/sitio\/se-viene-marea-el-primer-encuentro-feminista-y-diverso-de-la-region\/whatsapp-image-2022-04-18-at-4-23-19-pm\/\" data-orig-file=\"https:\/\/eldiariodesanpedro.com.ar\/sitio\/wp-content\/uploads\/2022\/04\/WhatsApp-Image-2022-04-18-at-4.23.19-PM.jpeg\" data-orig-size=\"840,630\" data-comments-opened=\"0\" data-image-meta=\"{&quot;aperture&quot;:&quot;0&quot;,&quot;credit&quot;:&quot;&quot;,&quot;camera&quot;:&quot;&quot;,&quot;caption&quot;:&quot;&quot;,&quot;created_timestamp&quot;:&quot;0&quot;,&quot;copyright&quot;:&quot;&quot;,&quot;focal_length&quot;:&quot;0&quot;,&quot;iso&quot;:&quot;0&quot;,&quot;shutter_speed&quot;:&quot;0&quot;,&quot;title&quot;:&quot;&quot;,&quot;orientation&quot;:&quot;0&quot;}\" data-image-title=\"WhatsApp Image 2022-04-18 at 4.23.19 PM\" data-image-description=\"\" data-image-caption=\"\" data-large-file=\"https:\/\/eldiariodesanpedro.com.ar\/sitio\/wp-content\/uploads\/2022\/04\/WhatsApp-Image-2022-04-18-at-4.23.19-PM.jpeg\" data-src=\"https:\/\/eldiariodesanpedro.com.ar\/sitio\/wp-content\/uploads\/2022\/04\/WhatsApp-Image-2022-04-18-at-4.23.19-PM.jpeg\" alt=\"\" class=\"wp-image-106136 lazyload\" data-srcset=\"https:\/\/eldiariodesanpedro.com.ar\/sitio\/wp-content\/uploads\/2022\/04\/WhatsApp-Image-2022-04-18-at-4.23.19-PM.jpeg 840w, https:\/\/eldiariodesanpedro.com.ar\/sitio\/wp-content\/uploads\/2022\/04\/WhatsApp-Image-2022-04-18-at-4.23.19-PM-300x225.jpeg 300w, https:\/\/eldiariodesanpedro.com.ar\/sitio\/wp-content\/uploads\/2022\/04\/WhatsApp-Image-2022-04-18-at-4.23.19-PM-768x576.jpeg 768w\" data-sizes=\"(max-width: 840px) 100vw, 840px\" src=\"data:image\/svg+xml;base64,PHN2ZyB3aWR0aD0iMSIgaGVpZ2h0PSIxIiB4bWxucz0iaHR0cDovL3d3dy53My5vcmcvMjAwMC9zdmciPjwvc3ZnPg==\" style=\"--smush-placeholder-width: 840px; --smush-placeholder-aspect-ratio: 840\/630;\" \/><\/figure>\n","protected":false},"excerpt":{"rendered":"<p>El pr\u00f3ximo s\u00e1bado 23 de abril se concretar\u00e1 en San Pedro \u00abMarea\u00bb, el primer encuentro Feminista y Diverso de la Regi\u00f3n 2, organizado por el ministerio de las Mujeres, Pol\u00edticas de G\u00e9nero y Diversidad Sexual de la provincia de Buenos Aires, en conjunto con la secretar\u00eda de Pol\u00edticas de G\u00e9nero, Mujeres y Diversidad de la [&hellip;]<\/p>\n","protected":false},"author":4,"featured_media":106135,"comment_status":"closed","ping_status":"closed","sticky":false,"template":"","format":"standard","meta":{"om_disable_all_campaigns":false,"_jetpack_memberships_contains_paid_content":false,"footnotes":""},"categories":[50,101,2],"tags":[197,696,33,19],"class_list":["post-106134","post","type-post","status-publish","format-standard","has-post-thumbnail","hentry","category-destacadas","category-interes-general-locales","category-locales","tag-buenos-aires","tag-interes-general","tag-locales","tag-san-pedro"],"aioseo_notices":[],"gutentor_comment":0,"jetpack_featured_media_url":"https:\/\/eldiariodesanpedro.com.ar\/sitio\/wp-content\/uploads\/2022\/04\/WhatsApp-Image-2022-04-18-at-4.23.19-PM-1.jpeg","jetpack_shortlink":"https:\/\/wp.me\/p6RhLt-rBQ","jetpack_sharing_enabled":true,"_links":{"self":[{"href":"https:\/\/eldiariodesanpedro.com.ar\/sitio\/wp-json\/wp\/v2\/posts\/106134","targetHints":{"allow":["GET"]}}],"collection":[{"href":"https:\/\/eldiariodesanpedro.com.ar\/sitio\/wp-json\/wp\/v2\/posts"}],"about":[{"href":"https:\/\/eldiariodesanpedro.com.ar\/sitio\/wp-json\/wp\/v2\/types\/post"}],"author":[{"embeddable":true,"href":"https:\/\/eldiariodesanpedro.com.ar\/sitio\/wp-json\/wp\/v2\/users\/4"}],"replies":[{"embeddable":true,"href":"https:\/\/eldiariodesanpedro.com.ar\/sitio\/wp-json\/wp\/v2\/comments?post=106134"}],"version-history":[{"count":1,"href":"https:\/\/eldiariodesanpedro.com.ar\/sitio\/wp-json\/wp\/v2\/posts\/106134\/revisions"}],"predecessor-version":[{"id":106138,"href":"https:\/\/eldiariodesanpedro.com.ar\/sitio\/wp-json\/wp\/v2\/posts\/106134\/revisions\/106138"}],"wp:featuredmedia":[{"embeddable":true,"href":"https:\/\/eldiariodesanpedro.com.ar\/sitio\/wp-json\/wp\/v2\/media\/106135"}],"wp:attachment":[{"href":"https:\/\/eldiariodesanpedro.com.ar\/sitio\/wp-json\/wp\/v2\/media?parent=106134"}],"wp:term":[{"taxonomy":"category","embeddable":true,"href":"https:\/\/eldiariodesanpedro.com.ar\/sitio\/wp-json\/wp\/v2\/categories?post=106134"},{"taxonomy":"post_tag","embeddable":true,"href":"https:\/\/eldiariodesanpedro.com.ar\/sitio\/wp-json\/wp\/v2\/tags?post=106134"}],"curies":[{"name":"wp","href":"https:\/\/api.w.org\/{rel}","templated":true}]}}