{"id":106127,"date":"2022-04-18T18:33:15","date_gmt":"2022-04-18T21:33:15","guid":{"rendered":"https:\/\/eldiariodesanpedro.com.ar\/sitio\/?p=106127"},"modified":"2022-04-18T18:33:15","modified_gmt":"2022-04-18T21:33:15","slug":"volco-un-utilitario-con-dos-ocupantes-de-senegal-en-la-ruta-9","status":"publish","type":"post","link":"https:\/\/eldiariodesanpedro.com.ar\/sitio\/volco-un-utilitario-con-dos-ocupantes-de-senegal-en-la-ruta-9\/","title":{"rendered":"Volc\u00f3 un utilitario con dos ocupantes de Senegal en la ruta 9"},"content":{"rendered":"<!-- VideographyWP Plugin Message: Automatic video embedding prevented by plugin options. -->\n\n<p>En la tarde de hoy en la Ruta Nac. 9 km 172 carril Buenos Aires &#8211; Rosario un veh\u00edculo Renault Kangoo blanca,&nbsp; conducido por Diouf Mbaye de 38 a\u00f1os oriundo de Senegal, domiciliado en la localidad de San Nicol\u00e1s junto a su acompa\u00f1ante Saliou Ka de 25 a\u00f1os tambi\u00e9n de Senegal, y oriundo de San Nicol\u00e1s, por razones que se tratan de establecer, pierde el control del rodado volcando, quedando sobre colectora.&nbsp;<\/p>\n\n\n\n<p>A pesar del siniestro la ruta se encuentra sin obstrucci\u00f3n de la calzada y con el tr\u00e1nsito normal.&nbsp;&nbsp;<\/p>\n\n\n\n<p>El chofer fue trasladado a la sala del hospital de Gdor. Castro para realizarse curaciones; acompa\u00f1ante ileso.<\/p>\n","protected":false},"excerpt":{"rendered":"<p>En la tarde de hoy en la Ruta Nac. 9 km 172 carril Buenos Aires &#8211; Rosario un veh\u00edculo Renault Kangoo blanca,&nbsp; conducido por Diouf Mbaye de 38 a\u00f1os oriundo de Senegal, domiciliado en la localidad de San Nicol\u00e1s junto a su acompa\u00f1ante Saliou Ka de 25 a\u00f1os tambi\u00e9n de Senegal, y oriundo de San [&hellip;]<\/p>\n","protected":false},"author":4,"featured_media":106132,"comment_status":"closed","ping_status":"closed","sticky":false,"template":"","format":"standard","meta":{"om_disable_all_campaigns":false,"_jetpack_memberships_contains_paid_content":false,"footnotes":""},"categories":[50,2,103],"tags":[197,696,33,19],"class_list":["post-106127","post","type-post","status-publish","format-standard","has-post-thumbnail","hentry","category-destacadas","category-locales","category-policiales-locales","tag-buenos-aires","tag-interes-general","tag-locales","tag-san-pedro"],"aioseo_notices":[],"gutentor_comment":0,"jetpack_featured_media_url":"https:\/\/eldiariodesanpedro.com.ar\/sitio\/wp-content\/uploads\/2022\/04\/WhatsApp-Image-2022-04-18-at-3.22.03-PM.jpeg","jetpack_shortlink":"https:\/\/wp.me\/p6RhLt-rBJ","jetpack_sharing_enabled":true,"_links":{"self":[{"href":"https:\/\/eldiariodesanpedro.com.ar\/sitio\/wp-json\/wp\/v2\/posts\/106127","targetHints":{"allow":["GET"]}}],"collection":[{"href":"https:\/\/eldiariodesanpedro.com.ar\/sitio\/wp-json\/wp\/v2\/posts"}],"about":[{"href":"https:\/\/eldiariodesanpedro.com.ar\/sitio\/wp-json\/wp\/v2\/types\/post"}],"author":[{"embeddable":true,"href":"https:\/\/eldiariodesanpedro.com.ar\/sitio\/wp-json\/wp\/v2\/users\/4"}],"replies":[{"embeddable":true,"href":"https:\/\/eldiariodesanpedro.com.ar\/sitio\/wp-json\/wp\/v2\/comments?post=106127"}],"version-history":[{"count":1,"href":"https:\/\/eldiariodesanpedro.com.ar\/sitio\/wp-json\/wp\/v2\/posts\/106127\/revisions"}],"predecessor-version":[{"id":106133,"href":"https:\/\/eldiariodesanpedro.com.ar\/sitio\/wp-json\/wp\/v2\/posts\/106127\/revisions\/106133"}],"wp:featuredmedia":[{"embeddable":true,"href":"https:\/\/eldiariodesanpedro.com.ar\/sitio\/wp-json\/wp\/v2\/media\/106132"}],"wp:attachment":[{"href":"https:\/\/eldiariodesanpedro.com.ar\/sitio\/wp-json\/wp\/v2\/media?parent=106127"}],"wp:term":[{"taxonomy":"category","embeddable":true,"href":"https:\/\/eldiariodesanpedro.com.ar\/sitio\/wp-json\/wp\/v2\/categories?post=106127"},{"taxonomy":"post_tag","embeddable":true,"href":"https:\/\/eldiariodesanpedro.com.ar\/sitio\/wp-json\/wp\/v2\/tags?post=106127"}],"curies":[{"name":"wp","href":"https:\/\/api.w.org\/{rel}","templated":true}]}}