{"id":106117,"date":"2022-04-18T10:27:28","date_gmt":"2022-04-18T13:27:28","guid":{"rendered":"https:\/\/eldiariodesanpedro.com.ar\/sitio\/?p=106117"},"modified":"2022-04-18T10:27:28","modified_gmt":"2022-04-18T13:27:28","slug":"la-feria-de-emprendedores-en-el-paseo-agenor-almada-recibio-miles-de-visitantes-durante-toda-las-semana-santa","status":"publish","type":"post","link":"https:\/\/eldiariodesanpedro.com.ar\/sitio\/la-feria-de-emprendedores-en-el-paseo-agenor-almada-recibio-miles-de-visitantes-durante-toda-las-semana-santa\/","title":{"rendered":"La Feria de Emprendedores en el Paseo Agenor Almada recibi\u00f3 miles de visitantes durante toda las Semana Santa"},"content":{"rendered":"<!-- VideographyWP Plugin Message: Automatic video embedding prevented by plugin options. -->\n\n<p>Se realizo el fin de semana la Feria de Emprendedores, establecida por primera vez en la costanera de la ciudad, junto al Paseo Gastron\u00f3mico y con gran concurrencia durante los cuatro d\u00edas del fin de semana largo.<\/p>\n\n\n\n<p>Este finde largo junto a las ofertas de los stands y los carros gastron\u00f3micos, los visitantes podr\u00e1n disfrutar de una jornada con bandas de rock y el domingo con muestra de telas y clases de zumba.<\/p>\n\n\n\n<figure class=\"wp-block-image size-large\"><img decoding=\"async\" width=\"1024\" height=\"462\" data-attachment-id=\"106119\" data-permalink=\"https:\/\/eldiariodesanpedro.com.ar\/sitio\/la-feria-de-emprendedores-en-el-paseo-agenor-almada-recibio-miles-de-visitantes-durante-toda-las-semana-santa\/whatsapp-image-2022-04-16-at-10-54-35-am\/\" data-orig-file=\"https:\/\/eldiariodesanpedro.com.ar\/sitio\/wp-content\/uploads\/2022\/04\/WhatsApp-Image-2022-04-16-at-10.54.35-AM.jpeg\" data-orig-size=\"1200,541\" data-comments-opened=\"0\" data-image-meta=\"{&quot;aperture&quot;:&quot;0&quot;,&quot;credit&quot;:&quot;&quot;,&quot;camera&quot;:&quot;&quot;,&quot;caption&quot;:&quot;&quot;,&quot;created_timestamp&quot;:&quot;0&quot;,&quot;copyright&quot;:&quot;&quot;,&quot;focal_length&quot;:&quot;0&quot;,&quot;iso&quot;:&quot;0&quot;,&quot;shutter_speed&quot;:&quot;0&quot;,&quot;title&quot;:&quot;&quot;,&quot;orientation&quot;:&quot;0&quot;}\" data-image-title=\"WhatsApp Image 2022-04-16 at 10.54.35 AM\" data-image-description=\"\" data-image-caption=\"\" data-large-file=\"https:\/\/eldiariodesanpedro.com.ar\/sitio\/wp-content\/uploads\/2022\/04\/WhatsApp-Image-2022-04-16-at-10.54.35-AM-1024x462.jpeg\" data-src=\"https:\/\/eldiariodesanpedro.com.ar\/sitio\/wp-content\/uploads\/2022\/04\/WhatsApp-Image-2022-04-16-at-10.54.35-AM-1024x462.jpeg\" alt=\"\" class=\"wp-image-106119 lazyload\" data-srcset=\"https:\/\/eldiariodesanpedro.com.ar\/sitio\/wp-content\/uploads\/2022\/04\/WhatsApp-Image-2022-04-16-at-10.54.35-AM-1024x462.jpeg 1024w, https:\/\/eldiariodesanpedro.com.ar\/sitio\/wp-content\/uploads\/2022\/04\/WhatsApp-Image-2022-04-16-at-10.54.35-AM-300x135.jpeg 300w, https:\/\/eldiariodesanpedro.com.ar\/sitio\/wp-content\/uploads\/2022\/04\/WhatsApp-Image-2022-04-16-at-10.54.35-AM-768x346.jpeg 768w, https:\/\/eldiariodesanpedro.com.ar\/sitio\/wp-content\/uploads\/2022\/04\/WhatsApp-Image-2022-04-16-at-10.54.35-AM.jpeg 1200w\" data-sizes=\"(max-width: 1024px) 100vw, 1024px\" src=\"data:image\/svg+xml;base64,PHN2ZyB3aWR0aD0iMSIgaGVpZ2h0PSIxIiB4bWxucz0iaHR0cDovL3d3dy53My5vcmcvMjAwMC9zdmciPjwvc3ZnPg==\" style=\"--smush-placeholder-width: 1024px; --smush-placeholder-aspect-ratio: 1024\/462;\" \/><\/figure>\n\n\n\n<figure class=\"wp-block-image size-large\"><img decoding=\"async\" width=\"1024\" height=\"575\" data-attachment-id=\"106121\" data-permalink=\"https:\/\/eldiariodesanpedro.com.ar\/sitio\/la-feria-de-emprendedores-en-el-paseo-agenor-almada-recibio-miles-de-visitantes-durante-toda-las-semana-santa\/whatsapp-image-2022-04-16-at-10-54-36-am\/\" data-orig-file=\"https:\/\/eldiariodesanpedro.com.ar\/sitio\/wp-content\/uploads\/2022\/04\/WhatsApp-Image-2022-04-16-at-10.54.36-AM.jpeg\" data-orig-size=\"1121,630\" data-comments-opened=\"0\" data-image-meta=\"{&quot;aperture&quot;:&quot;0&quot;,&quot;credit&quot;:&quot;&quot;,&quot;camera&quot;:&quot;&quot;,&quot;caption&quot;:&quot;&quot;,&quot;created_timestamp&quot;:&quot;0&quot;,&quot;copyright&quot;:&quot;&quot;,&quot;focal_length&quot;:&quot;0&quot;,&quot;iso&quot;:&quot;0&quot;,&quot;shutter_speed&quot;:&quot;0&quot;,&quot;title&quot;:&quot;&quot;,&quot;orientation&quot;:&quot;0&quot;}\" data-image-title=\"WhatsApp Image 2022-04-16 at 10.54.36 AM\" data-image-description=\"\" data-image-caption=\"\" data-large-file=\"https:\/\/eldiariodesanpedro.com.ar\/sitio\/wp-content\/uploads\/2022\/04\/WhatsApp-Image-2022-04-16-at-10.54.36-AM-1024x575.jpeg\" data-src=\"https:\/\/eldiariodesanpedro.com.ar\/sitio\/wp-content\/uploads\/2022\/04\/WhatsApp-Image-2022-04-16-at-10.54.36-AM-1024x575.jpeg\" alt=\"\" class=\"wp-image-106121 lazyload\" data-srcset=\"https:\/\/eldiariodesanpedro.com.ar\/sitio\/wp-content\/uploads\/2022\/04\/WhatsApp-Image-2022-04-16-at-10.54.36-AM-1024x575.jpeg 1024w, https:\/\/eldiariodesanpedro.com.ar\/sitio\/wp-content\/uploads\/2022\/04\/WhatsApp-Image-2022-04-16-at-10.54.36-AM-300x169.jpeg 300w, https:\/\/eldiariodesanpedro.com.ar\/sitio\/wp-content\/uploads\/2022\/04\/WhatsApp-Image-2022-04-16-at-10.54.36-AM-768x432.jpeg 768w, https:\/\/eldiariodesanpedro.com.ar\/sitio\/wp-content\/uploads\/2022\/04\/WhatsApp-Image-2022-04-16-at-10.54.36-AM.jpeg 1121w\" data-sizes=\"(max-width: 1024px) 100vw, 1024px\" src=\"data:image\/svg+xml;base64,PHN2ZyB3aWR0aD0iMSIgaGVpZ2h0PSIxIiB4bWxucz0iaHR0cDovL3d3dy53My5vcmcvMjAwMC9zdmciPjwvc3ZnPg==\" style=\"--smush-placeholder-width: 1024px; --smush-placeholder-aspect-ratio: 1024\/575;\" \/><\/figure>\n","protected":false},"excerpt":{"rendered":"<p>Se realizo el fin de semana la Feria de Emprendedores, establecida por primera vez en la costanera de la ciudad, junto al Paseo Gastron\u00f3mico y con gran concurrencia durante los cuatro d\u00edas del fin de semana largo. Este finde largo junto a las ofertas de los stands y los carros gastron\u00f3micos, los visitantes podr\u00e1n disfrutar [&hellip;]<\/p>\n","protected":false},"author":4,"featured_media":106118,"comment_status":"closed","ping_status":"closed","sticky":false,"template":"","format":"standard","meta":{"om_disable_all_campaigns":false,"_jetpack_memberships_contains_paid_content":false,"footnotes":""},"categories":[50,101,2],"tags":[197,696,33,19],"class_list":["post-106117","post","type-post","status-publish","format-standard","has-post-thumbnail","hentry","category-destacadas","category-interes-general-locales","category-locales","tag-buenos-aires","tag-interes-general","tag-locales","tag-san-pedro"],"aioseo_notices":[],"gutentor_comment":0,"jetpack_featured_media_url":"https:\/\/eldiariodesanpedro.com.ar\/sitio\/wp-content\/uploads\/2022\/04\/WhatsApp-Image-2022-04-16-at-10.54.34-AM.jpeg","jetpack_shortlink":"https:\/\/wp.me\/p6RhLt-rBz","jetpack_sharing_enabled":true,"_links":{"self":[{"href":"https:\/\/eldiariodesanpedro.com.ar\/sitio\/wp-json\/wp\/v2\/posts\/106117","targetHints":{"allow":["GET"]}}],"collection":[{"href":"https:\/\/eldiariodesanpedro.com.ar\/sitio\/wp-json\/wp\/v2\/posts"}],"about":[{"href":"https:\/\/eldiariodesanpedro.com.ar\/sitio\/wp-json\/wp\/v2\/types\/post"}],"author":[{"embeddable":true,"href":"https:\/\/eldiariodesanpedro.com.ar\/sitio\/wp-json\/wp\/v2\/users\/4"}],"replies":[{"embeddable":true,"href":"https:\/\/eldiariodesanpedro.com.ar\/sitio\/wp-json\/wp\/v2\/comments?post=106117"}],"version-history":[{"count":1,"href":"https:\/\/eldiariodesanpedro.com.ar\/sitio\/wp-json\/wp\/v2\/posts\/106117\/revisions"}],"predecessor-version":[{"id":106122,"href":"https:\/\/eldiariodesanpedro.com.ar\/sitio\/wp-json\/wp\/v2\/posts\/106117\/revisions\/106122"}],"wp:featuredmedia":[{"embeddable":true,"href":"https:\/\/eldiariodesanpedro.com.ar\/sitio\/wp-json\/wp\/v2\/media\/106118"}],"wp:attachment":[{"href":"https:\/\/eldiariodesanpedro.com.ar\/sitio\/wp-json\/wp\/v2\/media?parent=106117"}],"wp:term":[{"taxonomy":"category","embeddable":true,"href":"https:\/\/eldiariodesanpedro.com.ar\/sitio\/wp-json\/wp\/v2\/categories?post=106117"},{"taxonomy":"post_tag","embeddable":true,"href":"https:\/\/eldiariodesanpedro.com.ar\/sitio\/wp-json\/wp\/v2\/tags?post=106117"}],"curies":[{"name":"wp","href":"https:\/\/api.w.org\/{rel}","templated":true}]}}