{"id":106110,"date":"2022-04-18T10:19:44","date_gmt":"2022-04-18T13:19:44","guid":{"rendered":"https:\/\/eldiariodesanpedro.com.ar\/sitio\/?p=106110"},"modified":"2022-04-18T10:19:45","modified_gmt":"2022-04-18T13:19:45","slug":"con-la-presencia-de-carmen-barbieri-y-costa-se-llevo-a-cavo-el-gran-cierre-de-talentos-de-san-pedro-el-repechaje","status":"publish","type":"post","link":"https:\/\/eldiariodesanpedro.com.ar\/sitio\/con-la-presencia-de-carmen-barbieri-y-costa-se-llevo-a-cavo-el-gran-cierre-de-talentos-de-san-pedro-el-repechaje\/","title":{"rendered":"Con la presencia de Carmen Barbieri y Costa se llevo a cavo el gran cierre de \u201cTalentos de San Pedro\u201d el Repechaje"},"content":{"rendered":"<!-- VideographyWP Plugin Message: Automatic video embedding prevented by plugin options. -->\n\n<p>Con gran concurrencia y un excelente marco finaliz\u00f3 el espect\u00e1culo \u201cTalentos de San Pedro\u201d El Repechaje conducido por Alejandro Cupit\u00f3 y Mariano Lanfranconi que cont\u00f3 con las participaciones como jurados de Carmen Barbieri, Costa y Roberto \u00abChich\u00f3n\u00bb Gonz\u00e1lez quienes otorgaron el primer lugar a Mat\u00edas Marzico.<\/p>\n\n\n\n<p>El d\u00fao \u201cNunca es tarde\u201d fueron los encargados de abrir el escenario montado especialmente en la peatonal para que sampedinos y turistas tengan acceso de forma gratuita a las diferentes propuestas art\u00edsticas que ofrec\u00edan los participantes, en su mayor\u00eda de la ciudad pero tambi\u00e9n de ciudades vecinas, quienes compet\u00edan por el primer lugar que otorg\u00f3 50 mil pesos.<\/p>\n\n\n\n<p>El certamen cont\u00f3 con la participaci\u00f3n de Nicol\u00e1s Giovanettoni, ganador de la temporada 2022 en el Centro Cultural Abelardo Castillo con la participaci\u00f3n de Marcelo Polino y Marcela Tauro.<\/p>\n\n\n\n<figure class=\"wp-block-image size-full\"><img decoding=\"async\" width=\"840\" height=\"630\" data-attachment-id=\"106115\" data-permalink=\"https:\/\/eldiariodesanpedro.com.ar\/sitio\/con-la-presencia-de-carmen-barbieri-y-costa-se-llevo-a-cavo-el-gran-cierre-de-talentos-de-san-pedro-el-repechaje\/whatsapp-image-2022-04-17-at-5-46-31-pm\/\" data-orig-file=\"https:\/\/eldiariodesanpedro.com.ar\/sitio\/wp-content\/uploads\/2022\/04\/WhatsApp-Image-2022-04-17-at-5.46.31-PM.jpeg\" data-orig-size=\"840,630\" data-comments-opened=\"0\" data-image-meta=\"{&quot;aperture&quot;:&quot;0&quot;,&quot;credit&quot;:&quot;&quot;,&quot;camera&quot;:&quot;&quot;,&quot;caption&quot;:&quot;&quot;,&quot;created_timestamp&quot;:&quot;0&quot;,&quot;copyright&quot;:&quot;&quot;,&quot;focal_length&quot;:&quot;0&quot;,&quot;iso&quot;:&quot;0&quot;,&quot;shutter_speed&quot;:&quot;0&quot;,&quot;title&quot;:&quot;&quot;,&quot;orientation&quot;:&quot;0&quot;}\" data-image-title=\"WhatsApp Image 2022-04-17 at 5.46.31 PM\" data-image-description=\"\" data-image-caption=\"\" data-large-file=\"https:\/\/eldiariodesanpedro.com.ar\/sitio\/wp-content\/uploads\/2022\/04\/WhatsApp-Image-2022-04-17-at-5.46.31-PM.jpeg\" data-src=\"https:\/\/eldiariodesanpedro.com.ar\/sitio\/wp-content\/uploads\/2022\/04\/WhatsApp-Image-2022-04-17-at-5.46.31-PM.jpeg\" alt=\"\" class=\"wp-image-106115 lazyload\" data-srcset=\"https:\/\/eldiariodesanpedro.com.ar\/sitio\/wp-content\/uploads\/2022\/04\/WhatsApp-Image-2022-04-17-at-5.46.31-PM.jpeg 840w, https:\/\/eldiariodesanpedro.com.ar\/sitio\/wp-content\/uploads\/2022\/04\/WhatsApp-Image-2022-04-17-at-5.46.31-PM-300x225.jpeg 300w, https:\/\/eldiariodesanpedro.com.ar\/sitio\/wp-content\/uploads\/2022\/04\/WhatsApp-Image-2022-04-17-at-5.46.31-PM-768x576.jpeg 768w\" data-sizes=\"(max-width: 840px) 100vw, 840px\" src=\"data:image\/svg+xml;base64,PHN2ZyB3aWR0aD0iMSIgaGVpZ2h0PSIxIiB4bWxucz0iaHR0cDovL3d3dy53My5vcmcvMjAwMC9zdmciPjwvc3ZnPg==\" style=\"--smush-placeholder-width: 840px; --smush-placeholder-aspect-ratio: 840\/630;\" \/><\/figure>\n\n\n\n<figure class=\"wp-block-image size-full\"><img decoding=\"async\" width=\"945\" height=\"630\" data-attachment-id=\"106114\" data-permalink=\"https:\/\/eldiariodesanpedro.com.ar\/sitio\/con-la-presencia-de-carmen-barbieri-y-costa-se-llevo-a-cavo-el-gran-cierre-de-talentos-de-san-pedro-el-repechaje\/whatsapp-image-2022-04-17-at-5-46-30-pm\/\" data-orig-file=\"https:\/\/eldiariodesanpedro.com.ar\/sitio\/wp-content\/uploads\/2022\/04\/WhatsApp-Image-2022-04-17-at-5.46.30-PM.jpeg\" data-orig-size=\"945,630\" data-comments-opened=\"0\" data-image-meta=\"{&quot;aperture&quot;:&quot;0&quot;,&quot;credit&quot;:&quot;&quot;,&quot;camera&quot;:&quot;&quot;,&quot;caption&quot;:&quot;&quot;,&quot;created_timestamp&quot;:&quot;0&quot;,&quot;copyright&quot;:&quot;&quot;,&quot;focal_length&quot;:&quot;0&quot;,&quot;iso&quot;:&quot;0&quot;,&quot;shutter_speed&quot;:&quot;0&quot;,&quot;title&quot;:&quot;&quot;,&quot;orientation&quot;:&quot;0&quot;}\" data-image-title=\"WhatsApp Image 2022-04-17 at 5.46.30 PM\" data-image-description=\"\" data-image-caption=\"\" data-large-file=\"https:\/\/eldiariodesanpedro.com.ar\/sitio\/wp-content\/uploads\/2022\/04\/WhatsApp-Image-2022-04-17-at-5.46.30-PM.jpeg\" data-src=\"https:\/\/eldiariodesanpedro.com.ar\/sitio\/wp-content\/uploads\/2022\/04\/WhatsApp-Image-2022-04-17-at-5.46.30-PM.jpeg\" alt=\"\" class=\"wp-image-106114 lazyload\" data-srcset=\"https:\/\/eldiariodesanpedro.com.ar\/sitio\/wp-content\/uploads\/2022\/04\/WhatsApp-Image-2022-04-17-at-5.46.30-PM.jpeg 945w, https:\/\/eldiariodesanpedro.com.ar\/sitio\/wp-content\/uploads\/2022\/04\/WhatsApp-Image-2022-04-17-at-5.46.30-PM-300x200.jpeg 300w, https:\/\/eldiariodesanpedro.com.ar\/sitio\/wp-content\/uploads\/2022\/04\/WhatsApp-Image-2022-04-17-at-5.46.30-PM-768x512.jpeg 768w\" data-sizes=\"(max-width: 945px) 100vw, 945px\" src=\"data:image\/svg+xml;base64,PHN2ZyB3aWR0aD0iMSIgaGVpZ2h0PSIxIiB4bWxucz0iaHR0cDovL3d3dy53My5vcmcvMjAwMC9zdmciPjwvc3ZnPg==\" style=\"--smush-placeholder-width: 945px; --smush-placeholder-aspect-ratio: 945\/630;\" \/><\/figure>\n\n\n\n<figure class=\"wp-block-image size-full\"><img decoding=\"async\" width=\"945\" height=\"630\" data-attachment-id=\"106112\" data-permalink=\"https:\/\/eldiariodesanpedro.com.ar\/sitio\/con-la-presencia-de-carmen-barbieri-y-costa-se-llevo-a-cavo-el-gran-cierre-de-talentos-de-san-pedro-el-repechaje\/whatsapp-image-2022-04-17-at-5-46-26-pm\/\" data-orig-file=\"https:\/\/eldiariodesanpedro.com.ar\/sitio\/wp-content\/uploads\/2022\/04\/WhatsApp-Image-2022-04-17-at-5.46.26-PM.jpeg\" data-orig-size=\"945,630\" data-comments-opened=\"0\" data-image-meta=\"{&quot;aperture&quot;:&quot;0&quot;,&quot;credit&quot;:&quot;&quot;,&quot;camera&quot;:&quot;&quot;,&quot;caption&quot;:&quot;&quot;,&quot;created_timestamp&quot;:&quot;0&quot;,&quot;copyright&quot;:&quot;&quot;,&quot;focal_length&quot;:&quot;0&quot;,&quot;iso&quot;:&quot;0&quot;,&quot;shutter_speed&quot;:&quot;0&quot;,&quot;title&quot;:&quot;&quot;,&quot;orientation&quot;:&quot;0&quot;}\" data-image-title=\"WhatsApp Image 2022-04-17 at 5.46.26 PM\" data-image-description=\"\" data-image-caption=\"\" data-large-file=\"https:\/\/eldiariodesanpedro.com.ar\/sitio\/wp-content\/uploads\/2022\/04\/WhatsApp-Image-2022-04-17-at-5.46.26-PM.jpeg\" data-src=\"https:\/\/eldiariodesanpedro.com.ar\/sitio\/wp-content\/uploads\/2022\/04\/WhatsApp-Image-2022-04-17-at-5.46.26-PM.jpeg\" alt=\"\" class=\"wp-image-106112 lazyload\" data-srcset=\"https:\/\/eldiariodesanpedro.com.ar\/sitio\/wp-content\/uploads\/2022\/04\/WhatsApp-Image-2022-04-17-at-5.46.26-PM.jpeg 945w, https:\/\/eldiariodesanpedro.com.ar\/sitio\/wp-content\/uploads\/2022\/04\/WhatsApp-Image-2022-04-17-at-5.46.26-PM-300x200.jpeg 300w, https:\/\/eldiariodesanpedro.com.ar\/sitio\/wp-content\/uploads\/2022\/04\/WhatsApp-Image-2022-04-17-at-5.46.26-PM-768x512.jpeg 768w\" data-sizes=\"(max-width: 945px) 100vw, 945px\" src=\"data:image\/svg+xml;base64,PHN2ZyB3aWR0aD0iMSIgaGVpZ2h0PSIxIiB4bWxucz0iaHR0cDovL3d3dy53My5vcmcvMjAwMC9zdmciPjwvc3ZnPg==\" style=\"--smush-placeholder-width: 945px; --smush-placeholder-aspect-ratio: 945\/630;\" \/><\/figure>\n","protected":false},"excerpt":{"rendered":"<p>Con gran concurrencia y un excelente marco finaliz\u00f3 el espect\u00e1culo \u201cTalentos de San Pedro\u201d El Repechaje conducido por Alejandro Cupit\u00f3 y Mariano Lanfranconi que cont\u00f3 con las participaciones como jurados de Carmen Barbieri, Costa y Roberto \u00abChich\u00f3n\u00bb Gonz\u00e1lez quienes otorgaron el primer lugar a Mat\u00edas Marzico. El d\u00fao \u201cNunca es tarde\u201d fueron los encargados de [&hellip;]<\/p>\n","protected":false},"author":4,"featured_media":106113,"comment_status":"closed","ping_status":"closed","sticky":false,"template":"","format":"standard","meta":{"om_disable_all_campaigns":false,"_jetpack_memberships_contains_paid_content":false,"footnotes":""},"categories":[50,101,2],"tags":[197,696,33,19],"class_list":["post-106110","post","type-post","status-publish","format-standard","has-post-thumbnail","hentry","category-destacadas","category-interes-general-locales","category-locales","tag-buenos-aires","tag-interes-general","tag-locales","tag-san-pedro"],"aioseo_notices":[],"gutentor_comment":0,"jetpack_featured_media_url":"https:\/\/eldiariodesanpedro.com.ar\/sitio\/wp-content\/uploads\/2022\/04\/WhatsApp-Image-2022-04-17-at-5.46.28-PM.jpeg","jetpack_shortlink":"https:\/\/wp.me\/p6RhLt-rBs","jetpack_sharing_enabled":true,"_links":{"self":[{"href":"https:\/\/eldiariodesanpedro.com.ar\/sitio\/wp-json\/wp\/v2\/posts\/106110","targetHints":{"allow":["GET"]}}],"collection":[{"href":"https:\/\/eldiariodesanpedro.com.ar\/sitio\/wp-json\/wp\/v2\/posts"}],"about":[{"href":"https:\/\/eldiariodesanpedro.com.ar\/sitio\/wp-json\/wp\/v2\/types\/post"}],"author":[{"embeddable":true,"href":"https:\/\/eldiariodesanpedro.com.ar\/sitio\/wp-json\/wp\/v2\/users\/4"}],"replies":[{"embeddable":true,"href":"https:\/\/eldiariodesanpedro.com.ar\/sitio\/wp-json\/wp\/v2\/comments?post=106110"}],"version-history":[{"count":1,"href":"https:\/\/eldiariodesanpedro.com.ar\/sitio\/wp-json\/wp\/v2\/posts\/106110\/revisions"}],"predecessor-version":[{"id":106116,"href":"https:\/\/eldiariodesanpedro.com.ar\/sitio\/wp-json\/wp\/v2\/posts\/106110\/revisions\/106116"}],"wp:featuredmedia":[{"embeddable":true,"href":"https:\/\/eldiariodesanpedro.com.ar\/sitio\/wp-json\/wp\/v2\/media\/106113"}],"wp:attachment":[{"href":"https:\/\/eldiariodesanpedro.com.ar\/sitio\/wp-json\/wp\/v2\/media?parent=106110"}],"wp:term":[{"taxonomy":"category","embeddable":true,"href":"https:\/\/eldiariodesanpedro.com.ar\/sitio\/wp-json\/wp\/v2\/categories?post=106110"},{"taxonomy":"post_tag","embeddable":true,"href":"https:\/\/eldiariodesanpedro.com.ar\/sitio\/wp-json\/wp\/v2\/tags?post=106110"}],"curies":[{"name":"wp","href":"https:\/\/api.w.org\/{rel}","templated":true}]}}