{"id":10611,"date":"2016-11-23T21:28:14","date_gmt":"2016-11-24T00:28:14","guid":{"rendered":"https:\/\/eldiariodesanpedro.com.ar\/sitio\/?p=10611"},"modified":"2026-01-23T23:21:02","modified_gmt":"2026-01-24T02:21:02","slug":"la-camara-de-diputados-dio-media-sancion-al-uso-de-cannabis-medicinal","status":"publish","type":"post","link":"https:\/\/eldiariodesanpedro.com.ar\/sitio\/la-camara-de-diputados-dio-media-sancion-al-uso-de-cannabis-medicinal\/","title":{"rendered":"La C\u00e1mara de Diputados dio media sanci\u00f3n al uso de cannabis medicinal"},"content":{"rendered":"<p><!-- VideographyWP Plugin Message: Automatic video embedding prevented by plugin options. --><br \/>\n(Infobae) &#8211; Por unanimidad de los 221 diputados presentes, la C\u00e1mara de Diputados dio media sanci\u00f3n al proyecto que autoriza el uso de cannabis medicinal, que deber\u00e1 ser entregado por el Estado gratuitamente para los pacientes con ciertas patolog\u00edas.<\/p>\n<p>   El dictamen de mayor\u00eda alcanzado por Cambiemos establece un \u00abper\u00edodo ventana\u00bb en el cual se deber\u00e1 importar el aceite cann\u00e1bico hasta que el pa\u00eds se encuentre en condiciones de producirlo. Aqu\u00ed entra en juego la pol\u00e9mica causada por el autocultivo, que estaba contemplado en la propuesta del Frente para la Victoria. Argumentan que si se debe importar, pueden pasar varios d\u00edas de una persona sufriendo, algo que no suceder\u00eda con el autocultivo.<br \/>\n   La Administraci\u00f3n Nacional de Medicamentos, Alimentos y Tecnolog\u00eda M\u00e9dica (ANMAT) deber\u00e1 aprobar la importaci\u00f3n de aceite de cannabis \u00abcuando sea requerida por pacientes que presenten las patolog\u00edas contempladas en el programa y cuenten con la indicaci\u00f3n m\u00e9dica pertinente y su provisi\u00f3n ser\u00e1 gratuita\u00bb.<\/p>\n<p>   La ONG Mam\u00e1 Cultiva firm\u00f3 un documento reclamando el autocultivo y el cultivo cooperativo y solidario argumentando que \u00absolo en manos de los usuarios garantizan la existencia de una red de salud p\u00fablica que no depende de la industria farmac\u00e9utica y su concepci\u00f3n mercantilista de la medicina, apuntalando el derecho a la salud como bien social y humanitario\u00bb. <\/p>\n<p>   En el debate, Luis Petri, diputado de la UCR que preside la comisi\u00f3n de Seguridad Interior, record\u00f3: \u00abLo que est\u00e1 en juego es el rol del Estado como garante de la salud p\u00fablica. Hasta hoy se estaba criminalizando a todos aquellos pacientes que utilizan el cannabis medicinal. Por eso ac\u00e1 tenemos que involucrar al Estado, no solo en una investigaci\u00f3n que certifique los extremos positivos, sino en el control, porque sin Estado no hay m\u00e9dicos que lo puedan prescribir. Necesitamos un Estado que sea protagonista, de eso se trata el despacho que estamos debatiendo\u00bb.<br \/>\n   \u00abDec\u00edan que con este proyecto s\u00f3lo se promov\u00eda la investigaci\u00f3n m\u00e9dica y cient\u00edfica, pero la ley es mucho m\u00e1s amplia. Damos respuesta a cada necesidad de toda la poblaci\u00f3n. Se requieren controles, que se garantice la pureza. Quienes se incorporen al programa van a tener cuidado integral de la salud; el Estado tendr\u00e1 la obligaci\u00f3n de dar aceite de cannabis, habr\u00e1 docencia y todo el sistema de salud de pondr\u00e1 a generar evidencia cient\u00edfica. Adem\u00e1s, se prev\u00e9 que hasta tanto el Estado pueda dar a todos los pacientes Cannabis medicinal, aquellos que se sumen al programa podr\u00e1n importar gratuitamente el aceite de cannabis o sus derivados\u00bb, puntualiz\u00f3.<\/p>\n<p>   Nilda Garr\u00e9, del kirchnerismo, insisti\u00f3 con el autocultivo porque \u00abel Estado no est\u00e1 inicialmente en condiciones de satisfacer esta demanda\u00bb y aludi\u00f3: \u00abTodos los pa\u00edses han sido creativos y flexibles para garantizar que la gente pueda resolver su grave problema de salud\u00bb.<\/p>\n<p>   Autor de un dictamen de minor\u00eda que consider\u00f3 incluso en minor\u00eda en su propio bloque, Felipe Sol\u00e1 plante\u00f3 la necesidad de una \u00abtransici\u00f3n\u00bb para que el Estado cultive, y mientras tanto se analice \u00abel aceite que producen\u00bb. Sostuvo que \u00abel Estado est\u00e1 ausente de lo que ocurre todos los fines de semana con una droga mucho m\u00e1s peligrosa que es el alcohol\u00bb.<\/p>\n","protected":false},"excerpt":{"rendered":"<p>(Infobae) &#8211; Por unanimidad de los 221 diputados presentes, la C\u00e1mara de Diputados dio media sanci\u00f3n al proyecto que autoriza el uso de cannabis medicinal, que deber\u00e1 ser entregado por el Estado gratuitamente para los pacientes con ciertas patolog\u00edas. El dictamen de mayor\u00eda alcanzado por Cambiemos establece un \u00abper\u00edodo ventana\u00bb en el cual se deber\u00e1 [&hellip;]<\/p>\n","protected":false},"author":4,"featured_media":10612,"comment_status":"open","ping_status":"closed","sticky":false,"template":"","format":"standard","meta":{"om_disable_all_campaigns":false,"_jetpack_memberships_contains_paid_content":false,"footnotes":""},"categories":[3],"tags":[],"class_list":["post-10611","post","type-post","status-publish","format-standard","has-post-thumbnail","hentry","category-nacionales"],"aioseo_notices":[],"gutentor_comment":0,"jetpack_featured_media_url":"https:\/\/eldiariodesanpedro.com.ar\/sitio\/wp-content\/uploads\/2016\/11\/Cannabis-medicinal.jpg","jetpack_shortlink":"https:\/\/wp.me\/p6RhLt-2L9","jetpack_sharing_enabled":true,"_links":{"self":[{"href":"https:\/\/eldiariodesanpedro.com.ar\/sitio\/wp-json\/wp\/v2\/posts\/10611","targetHints":{"allow":["GET"]}}],"collection":[{"href":"https:\/\/eldiariodesanpedro.com.ar\/sitio\/wp-json\/wp\/v2\/posts"}],"about":[{"href":"https:\/\/eldiariodesanpedro.com.ar\/sitio\/wp-json\/wp\/v2\/types\/post"}],"author":[{"embeddable":true,"href":"https:\/\/eldiariodesanpedro.com.ar\/sitio\/wp-json\/wp\/v2\/users\/4"}],"replies":[{"embeddable":true,"href":"https:\/\/eldiariodesanpedro.com.ar\/sitio\/wp-json\/wp\/v2\/comments?post=10611"}],"version-history":[{"count":1,"href":"https:\/\/eldiariodesanpedro.com.ar\/sitio\/wp-json\/wp\/v2\/posts\/10611\/revisions"}],"predecessor-version":[{"id":10613,"href":"https:\/\/eldiariodesanpedro.com.ar\/sitio\/wp-json\/wp\/v2\/posts\/10611\/revisions\/10613"}],"wp:featuredmedia":[{"embeddable":true,"href":"https:\/\/eldiariodesanpedro.com.ar\/sitio\/wp-json\/wp\/v2\/media\/10612"}],"wp:attachment":[{"href":"https:\/\/eldiariodesanpedro.com.ar\/sitio\/wp-json\/wp\/v2\/media?parent=10611"}],"wp:term":[{"taxonomy":"category","embeddable":true,"href":"https:\/\/eldiariodesanpedro.com.ar\/sitio\/wp-json\/wp\/v2\/categories?post=10611"},{"taxonomy":"post_tag","embeddable":true,"href":"https:\/\/eldiariodesanpedro.com.ar\/sitio\/wp-json\/wp\/v2\/tags?post=10611"}],"curies":[{"name":"wp","href":"https:\/\/api.w.org\/{rel}","templated":true}]}}