{"id":106101,"date":"2022-04-18T10:10:49","date_gmt":"2022-04-18T13:10:49","guid":{"rendered":"https:\/\/eldiariodesanpedro.com.ar\/sitio\/?p=106101"},"modified":"2022-04-18T10:10:50","modified_gmt":"2022-04-18T13:10:50","slug":"cafe-cultura-llega-a-san-pedro-con-una-charla-sobre-gestion-cultural-y-musica-popular","status":"publish","type":"post","link":"https:\/\/eldiariodesanpedro.com.ar\/sitio\/cafe-cultura-llega-a-san-pedro-con-una-charla-sobre-gestion-cultural-y-musica-popular\/","title":{"rendered":"\u201cCaf\u00e9 Cultura\u201d llega a San Pedro con una charla sobre \u201cGesti\u00f3n Cultural y m\u00fasica popular\u201d"},"content":{"rendered":"<!-- VideographyWP Plugin Message: Automatic video embedding prevented by plugin options. -->\n\n<p>Bajo la consigna \u201cGesti\u00f3n Cultural y m\u00fasica popular\u201d el Instituto Cultural de la provincia de Buenos Aires presentar\u00e1 la tercera edici\u00f3n de \u201cCaf\u00e9 Cultura\u201d. Ser\u00e1 en el Centro de Comercio, Industria y Turismo el jueves 21 de abril a las 17:30, con la exposici\u00f3n de la cantautora Marian Far\u00edas G\u00f3mez y la gestora cultural Lidia Bracco. La entrada ser\u00e1 libre y gratuita.<\/p>\n\n\n\n<p>El programa se inici\u00f3 en el distrito de Ca\u00f1uelas el \u00faltimo 18 de marzo, con la presencia del actor Juan Palomino y la actriz y dramaturga Julia Lavatelli. Luego continu\u00f3 en Laprida en el marco de la consigna \u201cMemoria Es Cultura\u201d, con la exposici\u00f3n del polit\u00f3logo y escritor Adri\u00e1n Brienza.<\/p>\n\n\n\n<p>\u201cCaf\u00e9 Cultura\u201d es un ciclo provincial de encuentros culturales que tiene como objetivo reconocer la identidad bonaerense desde la diversidad y construir puentes entre artistas y vecinos de los 135 municipios. Asimismo, y con la modalidad propuesta, se busca instalar debates y reflexiones propias de la identidad cultural bonaerense en la agenda p\u00fablica de los vecinos que habitan los diversos distritos\u201d, explicaron desde el organismo que conduce Florencia Saintout.<\/p>\n\n\n\n<p>En ese marco, este jueves 21 de abril se debatir\u00e1 por un lado la importancia de la m\u00fasica popular para nuestra identidad bonaerense, pero tambi\u00e9n se pondr\u00e1 eje en la importancia del dise\u00f1o de pol\u00edticas p\u00fablicas culturales en nuestra provincia\u201d se agreg\u00f3 de manera oficial. En ese sentido, ambas disertantes cuentan con una vasta experiencia en la tem\u00e1tica, por la que repasar\u00e1n los pormenores no s\u00f3lo de sus carreras profesionales sino tambi\u00e9n un anecdotario de situaciones que han vivido en su paso por la gesti\u00f3n p\u00fablica. La charla es abierta y gratuita, por lo que tambi\u00e9n contar\u00e1 con un espacio de preguntas y respuestas del p\u00fablico a fin de cumplir con el objetivo del ciclo y repensar junto a los y las vecinas bonaerenses nuestra identidad.<\/p>\n\n\n\n<p>Lidia Bracco tiene una extensa carrera ligada a la gesti\u00f3n cultural. Entre otras destacadas funciones, fue Directora Provincial de Pol\u00edticas Culturales, donde tuvo a su cargo programas como la organizaci\u00f3n de los Foros por la Ley Federal de las Culturas, la planificaci\u00f3n de los Cabildos Culturales, la representaci\u00f3n de Buenos Aires en el Consejo Federal. Ha disertado y presentado trabajos sobre arte, cultura y pol\u00edticas culturales en jornadas y congresos de Argentina, Uruguay, Bolivia, Per\u00fa, Ecuador y Catalunya. Adem\u00e1s, realiza animaci\u00f3n, promoci\u00f3n, y gesti\u00f3n cultural en ONG y organizaciones de base en defensa de la cultural nacional y popular desde hace m\u00e1s de cuatro d\u00e9cadas.<\/p>\n\n\n\n<p>Marian Far\u00edas G\u00f3mez tiene un reconocido trayecto como cantante folkl\u00f3rica argentina; integr\u00f3 el grupo Los Huanca Hua y realiz\u00f3 una extensa carrera como solista, acompa\u00f1ada de artistas influyentes del \u00e1mbito popular como Ariel Ram\u00edrez, Chango Far\u00edas G\u00f3mez y Teresa Parodi. Se desempe\u00f1\u00f3 como asesora de la Secretar\u00eda de Cultura de la Provincia de Buenos Aires durante la gobernaci\u00f3n de Antonio Cafiero (1987-1991). Adem\u00e1s, estuvo a cargo de la Direcci\u00f3n de Folklore, Artesan\u00edas y Comunidades Originarias (1998-2009) y la Direcci\u00f3n Provincial de Patrimonio Cultural (2009-2015).<\/p>\n\n\n\n<figure class=\"wp-block-image size-full\"><img decoding=\"async\" width=\"632\" height=\"630\" data-attachment-id=\"106102\" data-permalink=\"https:\/\/eldiariodesanpedro.com.ar\/sitio\/cafe-cultura-llega-a-san-pedro-con-una-charla-sobre-gestion-cultural-y-musica-popular\/whatsapp-image-2022-04-18-at-9-30-51-am\/\" data-orig-file=\"https:\/\/eldiariodesanpedro.com.ar\/sitio\/wp-content\/uploads\/2022\/04\/WhatsApp-Image-2022-04-18-at-9.30.51-AM.jpeg\" data-orig-size=\"632,630\" data-comments-opened=\"0\" data-image-meta=\"{&quot;aperture&quot;:&quot;0&quot;,&quot;credit&quot;:&quot;&quot;,&quot;camera&quot;:&quot;&quot;,&quot;caption&quot;:&quot;&quot;,&quot;created_timestamp&quot;:&quot;0&quot;,&quot;copyright&quot;:&quot;&quot;,&quot;focal_length&quot;:&quot;0&quot;,&quot;iso&quot;:&quot;0&quot;,&quot;shutter_speed&quot;:&quot;0&quot;,&quot;title&quot;:&quot;&quot;,&quot;orientation&quot;:&quot;0&quot;}\" data-image-title=\"WhatsApp-Image-2022-04-18-at-9.30.51-AM\" data-image-description=\"\" data-image-caption=\"\" data-large-file=\"https:\/\/eldiariodesanpedro.com.ar\/sitio\/wp-content\/uploads\/2022\/04\/WhatsApp-Image-2022-04-18-at-9.30.51-AM.jpeg\" data-src=\"https:\/\/eldiariodesanpedro.com.ar\/sitio\/wp-content\/uploads\/2022\/04\/WhatsApp-Image-2022-04-18-at-9.30.51-AM.jpeg\" alt=\"\" class=\"wp-image-106102 lazyload\" data-srcset=\"https:\/\/eldiariodesanpedro.com.ar\/sitio\/wp-content\/uploads\/2022\/04\/WhatsApp-Image-2022-04-18-at-9.30.51-AM.jpeg 632w, https:\/\/eldiariodesanpedro.com.ar\/sitio\/wp-content\/uploads\/2022\/04\/WhatsApp-Image-2022-04-18-at-9.30.51-AM-300x300.jpeg 300w, https:\/\/eldiariodesanpedro.com.ar\/sitio\/wp-content\/uploads\/2022\/04\/WhatsApp-Image-2022-04-18-at-9.30.51-AM-150x150.jpeg 150w\" data-sizes=\"(max-width: 632px) 100vw, 632px\" src=\"data:image\/svg+xml;base64,PHN2ZyB3aWR0aD0iMSIgaGVpZ2h0PSIxIiB4bWxucz0iaHR0cDovL3d3dy53My5vcmcvMjAwMC9zdmciPjwvc3ZnPg==\" style=\"--smush-placeholder-width: 632px; --smush-placeholder-aspect-ratio: 632\/630;\" \/><\/figure>\n","protected":false},"excerpt":{"rendered":"<p>Bajo la consigna \u201cGesti\u00f3n Cultural y m\u00fasica popular\u201d el Instituto Cultural de la provincia de Buenos Aires presentar\u00e1 la tercera edici\u00f3n de \u201cCaf\u00e9 Cultura\u201d. Ser\u00e1 en el Centro de Comercio, Industria y Turismo el jueves 21 de abril a las 17:30, con la exposici\u00f3n de la cantautora Marian Far\u00edas G\u00f3mez y la gestora cultural Lidia [&hellip;]<\/p>\n","protected":false},"author":4,"featured_media":81638,"comment_status":"closed","ping_status":"closed","sticky":false,"template":"","format":"standard","meta":{"om_disable_all_campaigns":false,"_jetpack_memberships_contains_paid_content":false,"footnotes":""},"categories":[50,101,2],"tags":[197,696,33,19],"class_list":["post-106101","post","type-post","status-publish","format-standard","has-post-thumbnail","hentry","category-destacadas","category-interes-general-locales","category-locales","tag-buenos-aires","tag-interes-general","tag-locales","tag-san-pedro"],"aioseo_notices":[],"gutentor_comment":0,"jetpack_featured_media_url":"https:\/\/eldiariodesanpedro.com.ar\/sitio\/wp-content\/uploads\/2020\/10\/centro-de-comercio-e-industria_3_1.jpg","jetpack_shortlink":"https:\/\/wp.me\/p6RhLt-rBj","jetpack_sharing_enabled":true,"_links":{"self":[{"href":"https:\/\/eldiariodesanpedro.com.ar\/sitio\/wp-json\/wp\/v2\/posts\/106101","targetHints":{"allow":["GET"]}}],"collection":[{"href":"https:\/\/eldiariodesanpedro.com.ar\/sitio\/wp-json\/wp\/v2\/posts"}],"about":[{"href":"https:\/\/eldiariodesanpedro.com.ar\/sitio\/wp-json\/wp\/v2\/types\/post"}],"author":[{"embeddable":true,"href":"https:\/\/eldiariodesanpedro.com.ar\/sitio\/wp-json\/wp\/v2\/users\/4"}],"replies":[{"embeddable":true,"href":"https:\/\/eldiariodesanpedro.com.ar\/sitio\/wp-json\/wp\/v2\/comments?post=106101"}],"version-history":[{"count":1,"href":"https:\/\/eldiariodesanpedro.com.ar\/sitio\/wp-json\/wp\/v2\/posts\/106101\/revisions"}],"predecessor-version":[{"id":106103,"href":"https:\/\/eldiariodesanpedro.com.ar\/sitio\/wp-json\/wp\/v2\/posts\/106101\/revisions\/106103"}],"wp:featuredmedia":[{"embeddable":true,"href":"https:\/\/eldiariodesanpedro.com.ar\/sitio\/wp-json\/wp\/v2\/media\/81638"}],"wp:attachment":[{"href":"https:\/\/eldiariodesanpedro.com.ar\/sitio\/wp-json\/wp\/v2\/media?parent=106101"}],"wp:term":[{"taxonomy":"category","embeddable":true,"href":"https:\/\/eldiariodesanpedro.com.ar\/sitio\/wp-json\/wp\/v2\/categories?post=106101"},{"taxonomy":"post_tag","embeddable":true,"href":"https:\/\/eldiariodesanpedro.com.ar\/sitio\/wp-json\/wp\/v2\/tags?post=106101"}],"curies":[{"name":"wp","href":"https:\/\/api.w.org\/{rel}","templated":true}]}}