{"id":106095,"date":"2022-04-18T10:05:21","date_gmt":"2022-04-18T13:05:21","guid":{"rendered":"https:\/\/eldiariodesanpedro.com.ar\/sitio\/?p=106095"},"modified":"2022-04-18T10:05:22","modified_gmt":"2022-04-18T13:05:22","slug":"exitoso-fin-de-semana-en-san-pedro-con-una-gran-cantidad-de-visitantes","status":"publish","type":"post","link":"https:\/\/eldiariodesanpedro.com.ar\/sitio\/exitoso-fin-de-semana-en-san-pedro-con-una-gran-cantidad-de-visitantes\/","title":{"rendered":"Exitoso fin de semana en San Pedro con una gran cantidad de visitantes"},"content":{"rendered":"<!-- VideographyWP Plugin Message: Automatic video embedding prevented by plugin options. -->\n\n<p>Con un agradecimiento muy especial para quienes trabajaron durante el fin de semana para que San Pedro reciba a miles de visitantes, la Secretar\u00eda de Turismo y Cultura informa que las estad\u00edsticas preliminares reflejan una ocupaci\u00f3n del 90% en todos los alojamientos registrados y una enorme demanda en casas de familia y todos los espacios que se ofrecieron para alojamiento.<\/p>\n\n\n\n<p>El musical Jes\u00fas de Nazareth en la Avenida Costanera dirigido por Daniel Corti y Daniel Ronzani fue el corolario de una agenda que tuvo adem\u00e1s un gran show de talentos en el centro de la ciudad con la participaci\u00f3n de Carmen Barbieri, Costa, Mariano Lafranconi y Alejandro Cupit\u00f3.<\/p>\n\n\n\n<p>Este espect\u00e1culo y con una gran apuesta de la Municipalidad y del Intendente Dr. Ram\u00f3n Salazar hizo posible que libremente, durante dos noches, miles de sampedrinos y turistas disfrutaran de un show de gran calidad.<\/p>\n\n\n\n<p>La peatonal, la Feria de Emprendedores en el Paseo Agenor Almada, los Museos, la feria de artesanos y los espect\u00e1culos en la Plaza Constituci\u00f3n, la variada oferta gastron\u00f3mica que tambi\u00e9n incluy\u00f3 shows en vivo, Vuelta de Obligado en plenitud y las alternativas de agroturismo fueron s\u00f3lo parte de lo que se pudo compartir, coordinadas desde la Secretar\u00eda que conduce la Licenciada Marcela Cu\u00f1er.<\/p>\n\n\n\n<p>Nada de lo ocurrido hubiese sido posible sin el trabajo de las autoridades y personal de las \u00e1reas de Seguridad, Tr\u00e1nsito, Servicios P\u00fablicos, Desarrollo Econ\u00f3mico y Hacienda, Salud y todo el gobierno municipal, comprometido con la importancia del turismo en la generaci\u00f3n de puestos de trabajo y actividad econ\u00f3mica. Adem\u00e1s la colaboraci\u00f3n de los medios locales y nacionales reflejando nuestras actividades antes y durante el fin de semana contribuyen al \u00e9xito de estos d\u00edas tan importantes.<\/p>\n\n\n\n<p>Con el transcurso de los pr\u00f3ximos d\u00edas se podr\u00e1 contar con informaci\u00f3n m\u00e1s precisa sobre los puntos que siempre se observan a trav\u00e9s de las oficinas de turismo y que permiten seguir mejorando.<\/p>\n\n\n\n<p>San Pedro seguir\u00e1 proponiendo durante el 2022 un gran calendario para potenciar el turismo y el trabajo de todos.<\/p>\n\n\n\n<figure class=\"wp-block-image size-large\"><img decoding=\"async\" width=\"1024\" height=\"461\" data-attachment-id=\"106099\" data-permalink=\"https:\/\/eldiariodesanpedro.com.ar\/sitio\/exitoso-fin-de-semana-en-san-pedro-con-una-gran-cantidad-de-visitantes\/whatsapp-image-2022-04-18-at-9-51-25-am\/\" data-orig-file=\"https:\/\/eldiariodesanpedro.com.ar\/sitio\/wp-content\/uploads\/2022\/04\/WhatsApp-Image-2022-04-18-at-9.51.25-AM.jpeg\" data-orig-size=\"1200,540\" data-comments-opened=\"0\" data-image-meta=\"{&quot;aperture&quot;:&quot;0&quot;,&quot;credit&quot;:&quot;&quot;,&quot;camera&quot;:&quot;&quot;,&quot;caption&quot;:&quot;&quot;,&quot;created_timestamp&quot;:&quot;0&quot;,&quot;copyright&quot;:&quot;&quot;,&quot;focal_length&quot;:&quot;0&quot;,&quot;iso&quot;:&quot;0&quot;,&quot;shutter_speed&quot;:&quot;0&quot;,&quot;title&quot;:&quot;&quot;,&quot;orientation&quot;:&quot;0&quot;}\" data-image-title=\"WhatsApp Image 2022-04-18 at 9.51.25 AM\" data-image-description=\"\" data-image-caption=\"\" data-large-file=\"https:\/\/eldiariodesanpedro.com.ar\/sitio\/wp-content\/uploads\/2022\/04\/WhatsApp-Image-2022-04-18-at-9.51.25-AM-1024x461.jpeg\" data-src=\"https:\/\/eldiariodesanpedro.com.ar\/sitio\/wp-content\/uploads\/2022\/04\/WhatsApp-Image-2022-04-18-at-9.51.25-AM-1024x461.jpeg\" alt=\"\" class=\"wp-image-106099 lazyload\" data-srcset=\"https:\/\/eldiariodesanpedro.com.ar\/sitio\/wp-content\/uploads\/2022\/04\/WhatsApp-Image-2022-04-18-at-9.51.25-AM-1024x461.jpeg 1024w, https:\/\/eldiariodesanpedro.com.ar\/sitio\/wp-content\/uploads\/2022\/04\/WhatsApp-Image-2022-04-18-at-9.51.25-AM-300x135.jpeg 300w, https:\/\/eldiariodesanpedro.com.ar\/sitio\/wp-content\/uploads\/2022\/04\/WhatsApp-Image-2022-04-18-at-9.51.25-AM-768x346.jpeg 768w, https:\/\/eldiariodesanpedro.com.ar\/sitio\/wp-content\/uploads\/2022\/04\/WhatsApp-Image-2022-04-18-at-9.51.25-AM.jpeg 1200w\" data-sizes=\"(max-width: 1024px) 100vw, 1024px\" src=\"data:image\/svg+xml;base64,PHN2ZyB3aWR0aD0iMSIgaGVpZ2h0PSIxIiB4bWxucz0iaHR0cDovL3d3dy53My5vcmcvMjAwMC9zdmciPjwvc3ZnPg==\" style=\"--smush-placeholder-width: 1024px; --smush-placeholder-aspect-ratio: 1024\/461;\" \/><\/figure>\n\n\n\n<figure class=\"wp-block-image size-large\"><img decoding=\"async\" width=\"1024\" height=\"576\" data-attachment-id=\"106098\" data-permalink=\"https:\/\/eldiariodesanpedro.com.ar\/sitio\/exitoso-fin-de-semana-en-san-pedro-con-una-gran-cantidad-de-visitantes\/whatsapp-image-2022-04-18-at-9-51-25-am-1\/\" data-orig-file=\"https:\/\/eldiariodesanpedro.com.ar\/sitio\/wp-content\/uploads\/2022\/04\/WhatsApp-Image-2022-04-18-at-9.51.25-AM-1.jpeg\" data-orig-size=\"1120,630\" data-comments-opened=\"0\" data-image-meta=\"{&quot;aperture&quot;:&quot;0&quot;,&quot;credit&quot;:&quot;&quot;,&quot;camera&quot;:&quot;&quot;,&quot;caption&quot;:&quot;&quot;,&quot;created_timestamp&quot;:&quot;0&quot;,&quot;copyright&quot;:&quot;&quot;,&quot;focal_length&quot;:&quot;0&quot;,&quot;iso&quot;:&quot;0&quot;,&quot;shutter_speed&quot;:&quot;0&quot;,&quot;title&quot;:&quot;&quot;,&quot;orientation&quot;:&quot;0&quot;}\" data-image-title=\"WhatsApp Image 2022-04-18 at 9.51.25 AM (1)\" data-image-description=\"\" data-image-caption=\"\" data-large-file=\"https:\/\/eldiariodesanpedro.com.ar\/sitio\/wp-content\/uploads\/2022\/04\/WhatsApp-Image-2022-04-18-at-9.51.25-AM-1-1024x576.jpeg\" data-src=\"https:\/\/eldiariodesanpedro.com.ar\/sitio\/wp-content\/uploads\/2022\/04\/WhatsApp-Image-2022-04-18-at-9.51.25-AM-1-1024x576.jpeg\" alt=\"\" class=\"wp-image-106098 lazyload\" data-srcset=\"https:\/\/eldiariodesanpedro.com.ar\/sitio\/wp-content\/uploads\/2022\/04\/WhatsApp-Image-2022-04-18-at-9.51.25-AM-1-1024x576.jpeg 1024w, https:\/\/eldiariodesanpedro.com.ar\/sitio\/wp-content\/uploads\/2022\/04\/WhatsApp-Image-2022-04-18-at-9.51.25-AM-1-300x169.jpeg 300w, https:\/\/eldiariodesanpedro.com.ar\/sitio\/wp-content\/uploads\/2022\/04\/WhatsApp-Image-2022-04-18-at-9.51.25-AM-1-768x432.jpeg 768w, https:\/\/eldiariodesanpedro.com.ar\/sitio\/wp-content\/uploads\/2022\/04\/WhatsApp-Image-2022-04-18-at-9.51.25-AM-1.jpeg 1120w\" data-sizes=\"(max-width: 1024px) 100vw, 1024px\" src=\"data:image\/svg+xml;base64,PHN2ZyB3aWR0aD0iMSIgaGVpZ2h0PSIxIiB4bWxucz0iaHR0cDovL3d3dy53My5vcmcvMjAwMC9zdmciPjwvc3ZnPg==\" style=\"--smush-placeholder-width: 1024px; --smush-placeholder-aspect-ratio: 1024\/576;\" \/><\/figure>\n\n\n\n<figure class=\"wp-block-image size-full\"><img decoding=\"async\" width=\"943\" height=\"630\" data-attachment-id=\"106096\" data-permalink=\"https:\/\/eldiariodesanpedro.com.ar\/sitio\/exitoso-fin-de-semana-en-san-pedro-con-una-gran-cantidad-de-visitantes\/whatsapp-image-2022-04-18-at-9-51-24-am-1\/\" data-orig-file=\"https:\/\/eldiariodesanpedro.com.ar\/sitio\/wp-content\/uploads\/2022\/04\/WhatsApp-Image-2022-04-18-at-9.51.24-AM-1.jpeg\" data-orig-size=\"943,630\" data-comments-opened=\"0\" data-image-meta=\"{&quot;aperture&quot;:&quot;0&quot;,&quot;credit&quot;:&quot;&quot;,&quot;camera&quot;:&quot;&quot;,&quot;caption&quot;:&quot;&quot;,&quot;created_timestamp&quot;:&quot;0&quot;,&quot;copyright&quot;:&quot;&quot;,&quot;focal_length&quot;:&quot;0&quot;,&quot;iso&quot;:&quot;0&quot;,&quot;shutter_speed&quot;:&quot;0&quot;,&quot;title&quot;:&quot;&quot;,&quot;orientation&quot;:&quot;0&quot;}\" data-image-title=\"WhatsApp Image 2022-04-18 at 9.51.24 AM (1)\" data-image-description=\"\" data-image-caption=\"\" data-large-file=\"https:\/\/eldiariodesanpedro.com.ar\/sitio\/wp-content\/uploads\/2022\/04\/WhatsApp-Image-2022-04-18-at-9.51.24-AM-1.jpeg\" data-src=\"https:\/\/eldiariodesanpedro.com.ar\/sitio\/wp-content\/uploads\/2022\/04\/WhatsApp-Image-2022-04-18-at-9.51.24-AM-1.jpeg\" alt=\"\" class=\"wp-image-106096 lazyload\" data-srcset=\"https:\/\/eldiariodesanpedro.com.ar\/sitio\/wp-content\/uploads\/2022\/04\/WhatsApp-Image-2022-04-18-at-9.51.24-AM-1.jpeg 943w, https:\/\/eldiariodesanpedro.com.ar\/sitio\/wp-content\/uploads\/2022\/04\/WhatsApp-Image-2022-04-18-at-9.51.24-AM-1-300x200.jpeg 300w, https:\/\/eldiariodesanpedro.com.ar\/sitio\/wp-content\/uploads\/2022\/04\/WhatsApp-Image-2022-04-18-at-9.51.24-AM-1-768x513.jpeg 768w\" data-sizes=\"(max-width: 943px) 100vw, 943px\" src=\"data:image\/svg+xml;base64,PHN2ZyB3aWR0aD0iMSIgaGVpZ2h0PSIxIiB4bWxucz0iaHR0cDovL3d3dy53My5vcmcvMjAwMC9zdmciPjwvc3ZnPg==\" style=\"--smush-placeholder-width: 943px; --smush-placeholder-aspect-ratio: 943\/630;\" \/><\/figure>\n","protected":false},"excerpt":{"rendered":"<p>Con un agradecimiento muy especial para quienes trabajaron durante el fin de semana para que San Pedro reciba a miles de visitantes, la Secretar\u00eda de Turismo y Cultura informa que las estad\u00edsticas preliminares reflejan una ocupaci\u00f3n del 90% en todos los alojamientos registrados y una enorme demanda en casas de familia y todos los espacios [&hellip;]<\/p>\n","protected":false},"author":4,"featured_media":106097,"comment_status":"closed","ping_status":"closed","sticky":false,"template":"","format":"standard","meta":{"om_disable_all_campaigns":false,"_jetpack_memberships_contains_paid_content":false,"footnotes":""},"categories":[50,101,2],"tags":[197,696,33,19],"class_list":["post-106095","post","type-post","status-publish","format-standard","has-post-thumbnail","hentry","category-destacadas","category-interes-general-locales","category-locales","tag-buenos-aires","tag-interes-general","tag-locales","tag-san-pedro"],"aioseo_notices":[],"gutentor_comment":0,"jetpack_featured_media_url":"https:\/\/eldiariodesanpedro.com.ar\/sitio\/wp-content\/uploads\/2022\/04\/WhatsApp-Image-2022-04-18-at-9.51.24-AM.jpeg","jetpack_shortlink":"https:\/\/wp.me\/p6RhLt-rBd","jetpack_sharing_enabled":true,"_links":{"self":[{"href":"https:\/\/eldiariodesanpedro.com.ar\/sitio\/wp-json\/wp\/v2\/posts\/106095","targetHints":{"allow":["GET"]}}],"collection":[{"href":"https:\/\/eldiariodesanpedro.com.ar\/sitio\/wp-json\/wp\/v2\/posts"}],"about":[{"href":"https:\/\/eldiariodesanpedro.com.ar\/sitio\/wp-json\/wp\/v2\/types\/post"}],"author":[{"embeddable":true,"href":"https:\/\/eldiariodesanpedro.com.ar\/sitio\/wp-json\/wp\/v2\/users\/4"}],"replies":[{"embeddable":true,"href":"https:\/\/eldiariodesanpedro.com.ar\/sitio\/wp-json\/wp\/v2\/comments?post=106095"}],"version-history":[{"count":1,"href":"https:\/\/eldiariodesanpedro.com.ar\/sitio\/wp-json\/wp\/v2\/posts\/106095\/revisions"}],"predecessor-version":[{"id":106100,"href":"https:\/\/eldiariodesanpedro.com.ar\/sitio\/wp-json\/wp\/v2\/posts\/106095\/revisions\/106100"}],"wp:featuredmedia":[{"embeddable":true,"href":"https:\/\/eldiariodesanpedro.com.ar\/sitio\/wp-json\/wp\/v2\/media\/106097"}],"wp:attachment":[{"href":"https:\/\/eldiariodesanpedro.com.ar\/sitio\/wp-json\/wp\/v2\/media?parent=106095"}],"wp:term":[{"taxonomy":"category","embeddable":true,"href":"https:\/\/eldiariodesanpedro.com.ar\/sitio\/wp-json\/wp\/v2\/categories?post=106095"},{"taxonomy":"post_tag","embeddable":true,"href":"https:\/\/eldiariodesanpedro.com.ar\/sitio\/wp-json\/wp\/v2\/tags?post=106095"}],"curies":[{"name":"wp","href":"https:\/\/api.w.org\/{rel}","templated":true}]}}