{"id":106083,"date":"2022-04-14T14:47:17","date_gmt":"2022-04-14T17:47:17","guid":{"rendered":"https:\/\/eldiariodesanpedro.com.ar\/sitio\/?p=106083"},"modified":"2022-04-14T14:47:17","modified_gmt":"2022-04-14T17:47:17","slug":"recuperan-una-coleccion-completa-de-la-unica-revista-sampedrina-exclusivamente-dedicada-al-deporte","status":"publish","type":"post","link":"https:\/\/eldiariodesanpedro.com.ar\/sitio\/recuperan-una-coleccion-completa-de-la-unica-revista-sampedrina-exclusivamente-dedicada-al-deporte\/","title":{"rendered":"Recuperan una colecci\u00f3n completa de la \u00fanica revista sampedrina exclusivamente dedicada al deporte"},"content":{"rendered":"<!-- VideographyWP Plugin Message: Automatic video embedding prevented by plugin options. -->\n\n<p>Se llam\u00f3 DEPORTE 66 y fue publicada por el reconocido Fernando Bravo. Son 30 n\u00fameros con 302 p\u00e1ginas de pura historia del deporte sampedrino. &nbsp;<\/p>\n\n\n\n<p><strong>Deporte 66<\/strong> fue la \u00fanica revista sampedrina dedicada exclusivamente al tratamiento period\u00edstico del deporte en nuestra ciudad, en todas sus disciplinas.<\/p>\n\n\n\n<p>Fue fundada el <strong>7 de Febrero de 1966 <\/strong>por Alberto Fernando Pochulu, conocido por todos como <strong>Fernando Bravo<\/strong>.<\/p>\n\n\n\n<p>Bravo, editor responsable de aquella publicaci\u00f3n, supo armar un gran equipo de redactores y colaboradores que hicieron, de aquella publicaci\u00f3n, un hito de referencia en la historia del periodismo sampedrino.<\/p>\n\n\n\n<p>Sus redactores, Mario Blanco, Mario Butti, Jorge E. C\u00e9sar, Colombres, Eduardo Corval\u00e1n, Oscar De Rosa, Fernando Domenicone, Hern\u00e1n Stringhini, Antonio Volpe, Roberto Young, \u00c1ngel Eir\u00edn, Roberto M\u00e1rquez y Jos\u00e9 \u201cPep\u00fan\u201d Capdevila; junto a los fot\u00f3grafos Ra\u00fal Borda y Vicente Scosimarra, fueron el staff de aquel desaf\u00edo period\u00edstico. Colaboradores como \u201cCacho\u201d Herran, Horacio Barrionuevo y N. Thedy cerraban aquel equipo.<\/p>\n\n\n\n<p><strong>Deporte 66<\/strong> fue impresa en los Talleres Gr\u00e1ficos Norte, imprenta que funcionaba en Bottaro al 1040 de nuestra ciudad.<\/p>\n\n\n\n<p>En sus p\u00e1ginas se guardan haza\u00f1as deportivas de las grandes figuras de la d\u00e9cada, como Humberto Villarruel (ciclismo), Carlos Oul\u00e9 (yachting), Romano Cucit (pesca), Rinaldo Ansaloni (boxeo) y Agenor Almada (nataci\u00f3n), entre muchos nombres m\u00e1s.<\/p>\n\n\n\n<p>Tambi\u00e9n aparecen figuras nacionales como Horacio Acavallo, Luis Di Palma y Alberto J. Armando, entre otros.<\/p>\n\n\n\n<p>Sus notas abordan temas de nataci\u00f3n, b\u00e1squet, ajedrez, boxeo, f\u00fatbol, automovilismo, yachting, tiro, pesca, atletismo, etc.<\/p>\n\n\n\n<p>Figuran registros de hechos deportivos nacionales y europeos y se destacan noticias, reportajes y relatos de todo lo que acontec\u00eda en el Mundial de Inglaterra de 1966, de manera directa con un corresponsal en aquel pa\u00eds que brindaba informaci\u00f3n al momento. Todo un logro para el periodismo local de la \u00e9poca.<\/p>\n\n\n\n<p><strong>Deporte 66<\/strong> se public\u00f3 en <strong>30 n\u00fameros<\/strong> que aparec\u00edan los s\u00e1bados. Despu\u00e9s del \u00faltimo n\u00famero, en cuya contratapa se lee una sentida despedida de su director-editor, la revista deportiva ingres\u00f3 en la historia del periodismo sampedrino.<\/p>\n\n\n\n<p>En las \u00faltimas semanas, Roberto Young, uno de los redactores, puso a disposici\u00f3n del <strong>Grupo Conservacionista<\/strong>, la \u00fanica colecci\u00f3n completa de <strong>Deporte 66<\/strong> que se conserv\u00f3 hasta hoy.<\/p>\n\n\n\n<p>El equipo del Museo Paleontol\u00f3gico de San Pedro, a trav\u00e9s de su Archivo de Documentaci\u00f3n Hist\u00f3rica, escane\u00f3 y digitaliz\u00f3 las <strong>302 p\u00e1ginas<\/strong> que comprenden el total de la revista.<\/p>\n\n\n\n<p>Desde hoy, este material queda a disposici\u00f3n de los sampedrinos amantes del deporte que deseen tener una copia de esta valiosa y exclusiva colecci\u00f3n.<\/p>\n\n\n\n<p>De la presentaci\u00f3n, realizada en el Museo Paleontol\u00f3gico de San Pedro, particip\u00f3 el <strong>Intendente Ram\u00f3n Salazar<\/strong>; Fernando Esser y Carlos Garc\u00eda, como representantes de la <strong>Liga Deportiva Sampedrina<\/strong>; Rom\u00e1n Baca, por el <strong>C\u00edrculo de Periodismo Deportivo<\/strong> y el deportista ol\u00edmpico <strong>Julio Alsogaray<\/strong>.<\/p>\n","protected":false},"excerpt":{"rendered":"<p>Se llam\u00f3 DEPORTE 66 y fue publicada por el reconocido Fernando Bravo. Son 30 n\u00fameros con 302 p\u00e1ginas de pura historia del deporte sampedrino. &nbsp; Deporte 66 fue la \u00fanica revista sampedrina dedicada exclusivamente al tratamiento period\u00edstico del deporte en nuestra ciudad, en todas sus disciplinas. Fue fundada el 7 de Febrero de 1966 por [&hellip;]<\/p>\n","protected":false},"author":4,"featured_media":106090,"comment_status":"closed","ping_status":"closed","sticky":false,"template":"","format":"standard","meta":{"om_disable_all_campaigns":false,"_jetpack_memberships_contains_paid_content":false,"footnotes":""},"categories":[50,101,2],"tags":[197,696,33,19],"class_list":["post-106083","post","type-post","status-publish","format-standard","has-post-thumbnail","hentry","category-destacadas","category-interes-general-locales","category-locales","tag-buenos-aires","tag-interes-general","tag-locales","tag-san-pedro"],"aioseo_notices":[],"gutentor_comment":0,"jetpack_featured_media_url":"https:\/\/eldiariodesanpedro.com.ar\/sitio\/wp-content\/uploads\/2022\/04\/IMG-20220414-WA0012.jpg","jetpack_shortlink":"https:\/\/wp.me\/p6RhLt-rB1","jetpack_sharing_enabled":true,"_links":{"self":[{"href":"https:\/\/eldiariodesanpedro.com.ar\/sitio\/wp-json\/wp\/v2\/posts\/106083","targetHints":{"allow":["GET"]}}],"collection":[{"href":"https:\/\/eldiariodesanpedro.com.ar\/sitio\/wp-json\/wp\/v2\/posts"}],"about":[{"href":"https:\/\/eldiariodesanpedro.com.ar\/sitio\/wp-json\/wp\/v2\/types\/post"}],"author":[{"embeddable":true,"href":"https:\/\/eldiariodesanpedro.com.ar\/sitio\/wp-json\/wp\/v2\/users\/4"}],"replies":[{"embeddable":true,"href":"https:\/\/eldiariodesanpedro.com.ar\/sitio\/wp-json\/wp\/v2\/comments?post=106083"}],"version-history":[{"count":1,"href":"https:\/\/eldiariodesanpedro.com.ar\/sitio\/wp-json\/wp\/v2\/posts\/106083\/revisions"}],"predecessor-version":[{"id":106092,"href":"https:\/\/eldiariodesanpedro.com.ar\/sitio\/wp-json\/wp\/v2\/posts\/106083\/revisions\/106092"}],"wp:featuredmedia":[{"embeddable":true,"href":"https:\/\/eldiariodesanpedro.com.ar\/sitio\/wp-json\/wp\/v2\/media\/106090"}],"wp:attachment":[{"href":"https:\/\/eldiariodesanpedro.com.ar\/sitio\/wp-json\/wp\/v2\/media?parent=106083"}],"wp:term":[{"taxonomy":"category","embeddable":true,"href":"https:\/\/eldiariodesanpedro.com.ar\/sitio\/wp-json\/wp\/v2\/categories?post=106083"},{"taxonomy":"post_tag","embeddable":true,"href":"https:\/\/eldiariodesanpedro.com.ar\/sitio\/wp-json\/wp\/v2\/tags?post=106083"}],"curies":[{"name":"wp","href":"https:\/\/api.w.org\/{rel}","templated":true}]}}