{"id":106080,"date":"2022-04-14T14:40:28","date_gmt":"2022-04-14T17:40:28","guid":{"rendered":"https:\/\/eldiariodesanpedro.com.ar\/sitio\/?p=106080"},"modified":"2022-04-14T14:40:29","modified_gmt":"2022-04-14T17:40:29","slug":"cabaleyro-y-espindola-quedaron-al-borde-de-la-prision-preventiva","status":"publish","type":"post","link":"https:\/\/eldiariodesanpedro.com.ar\/sitio\/cabaleyro-y-espindola-quedaron-al-borde-de-la-prision-preventiva\/","title":{"rendered":"Cabaleyro y Esp\u00edndola quedaron al borde de la prisi\u00f3n preventiva"},"content":{"rendered":"<!-- VideographyWP Plugin Message: Automatic video embedding prevented by plugin options. -->\n\n<p>El juzgado no hizo lugar al pedido que hab\u00eda efectuado la defensa y los sindicalistas de Camioneros seguir\u00e1n presos por al menos 15 d\u00edas m\u00e1s donde con seguridad la fiscal\u00eda solicitar\u00e1 la prisi\u00f3n preventiva.<\/p>\n\n\n\n<p>Se complica la situaci\u00f3n judicial de los dirigentes de Camioneros Maximiliano Cabaleyro y Fernando Esp\u00edndola.<\/p>\n\n\n\n<p>El mi\u00e9rcoles la jueza de Garant\u00edas Mar\u00eda Eugenia Maiztegui deneg\u00f3 el pedido de excarcelaci\u00f3n que hizo el abogado Mauricio Gugger, que patrocina a los sindicalistas detenidos por \u00abextorsi\u00f3n y coacci\u00f3n\u00bb, en una causa que investiga el presunto pedido de coimas a la empresa Rey Distribuci\u00f3n.<\/p>\n\n\n\n<p>La Justicia consider\u00f3 inadmisible la liberaci\u00f3n de ambos porque entiende que podr\u00edan entorpecer el devenir de la causa. La fiscal Mar\u00eda del Valle Viviani tiene ahora entre 15 y 30 d\u00edas para pedir la prisi\u00f3n preventiva.<\/p>\n\n\n\n<p>Mientras tanto, Cabaleyro y Esp\u00edndola deber\u00e1n ser alojados en una Unidad del Servicio Penitenciario Bonaerense.<\/p>\n","protected":false},"excerpt":{"rendered":"<p>El juzgado no hizo lugar al pedido que hab\u00eda efectuado la defensa y los sindicalistas de Camioneros seguir\u00e1n presos por al menos 15 d\u00edas m\u00e1s donde con seguridad la fiscal\u00eda solicitar\u00e1 la prisi\u00f3n preventiva. Se complica la situaci\u00f3n judicial de los dirigentes de Camioneros Maximiliano Cabaleyro y Fernando Esp\u00edndola. El mi\u00e9rcoles la jueza de Garant\u00edas [&hellip;]<\/p>\n","protected":false},"author":4,"featured_media":106081,"comment_status":"closed","ping_status":"closed","sticky":false,"template":"","format":"standard","meta":{"om_disable_all_campaigns":false,"_jetpack_memberships_contains_paid_content":false,"footnotes":""},"categories":[50,2,103],"tags":[197,33,95,19],"class_list":["post-106080","post","type-post","status-publish","format-standard","has-post-thumbnail","hentry","category-destacadas","category-locales","category-policiales-locales","tag-buenos-aires","tag-locales","tag-policiales","tag-san-pedro"],"aioseo_notices":[],"gutentor_comment":0,"jetpack_featured_media_url":"https:\/\/eldiariodesanpedro.com.ar\/sitio\/wp-content\/uploads\/2022\/04\/0000020816-resized-1920x1080-1.jpg","jetpack_shortlink":"https:\/\/wp.me\/p6RhLt-rAY","jetpack_sharing_enabled":true,"_links":{"self":[{"href":"https:\/\/eldiariodesanpedro.com.ar\/sitio\/wp-json\/wp\/v2\/posts\/106080","targetHints":{"allow":["GET"]}}],"collection":[{"href":"https:\/\/eldiariodesanpedro.com.ar\/sitio\/wp-json\/wp\/v2\/posts"}],"about":[{"href":"https:\/\/eldiariodesanpedro.com.ar\/sitio\/wp-json\/wp\/v2\/types\/post"}],"author":[{"embeddable":true,"href":"https:\/\/eldiariodesanpedro.com.ar\/sitio\/wp-json\/wp\/v2\/users\/4"}],"replies":[{"embeddable":true,"href":"https:\/\/eldiariodesanpedro.com.ar\/sitio\/wp-json\/wp\/v2\/comments?post=106080"}],"version-history":[{"count":1,"href":"https:\/\/eldiariodesanpedro.com.ar\/sitio\/wp-json\/wp\/v2\/posts\/106080\/revisions"}],"predecessor-version":[{"id":106082,"href":"https:\/\/eldiariodesanpedro.com.ar\/sitio\/wp-json\/wp\/v2\/posts\/106080\/revisions\/106082"}],"wp:featuredmedia":[{"embeddable":true,"href":"https:\/\/eldiariodesanpedro.com.ar\/sitio\/wp-json\/wp\/v2\/media\/106081"}],"wp:attachment":[{"href":"https:\/\/eldiariodesanpedro.com.ar\/sitio\/wp-json\/wp\/v2\/media?parent=106080"}],"wp:term":[{"taxonomy":"category","embeddable":true,"href":"https:\/\/eldiariodesanpedro.com.ar\/sitio\/wp-json\/wp\/v2\/categories?post=106080"},{"taxonomy":"post_tag","embeddable":true,"href":"https:\/\/eldiariodesanpedro.com.ar\/sitio\/wp-json\/wp\/v2\/tags?post=106080"}],"curies":[{"name":"wp","href":"https:\/\/api.w.org\/{rel}","templated":true}]}}