{"id":106071,"date":"2022-04-14T14:28:20","date_gmt":"2022-04-14T17:28:20","guid":{"rendered":"https:\/\/eldiariodesanpedro.com.ar\/sitio\/?p=106071"},"modified":"2022-04-14T14:28:21","modified_gmt":"2022-04-14T17:28:21","slug":"se-secuestro-una-escopeta-con-vainas-servidas-e-intactas-por-un-hecho-de-amenazas-agravadas%ef%bf%bc","status":"publish","type":"post","link":"https:\/\/eldiariodesanpedro.com.ar\/sitio\/se-secuestro-una-escopeta-con-vainas-servidas-e-intactas-por-un-hecho-de-amenazas-agravadas%ef%bf%bc\/","title":{"rendered":"Se secuestr\u00f3 una escopeta con vainas servidas e intactas por un hecho de amenazas agravadas\ufffc"},"content":{"rendered":"<!-- VideographyWP Plugin Message: Automatic video embedding prevented by plugin options. -->\n\n<p>En la madrugada de hoy jueves en amplio operativo policial encabezado por personal del gabinete criminol\u00f3gico de la comisar\u00eda, se diligenci\u00f3 una orden de allanamiento extendida por la justicia ordinaria de San Nicol\u00e1s, para un domicilio particular ubicado en calle Liniers al 2100, en el marco de causa de \u201camenazas agravadas\u201d denunciado en sede policial.&nbsp;<\/p>\n\n\n\n<p>La diligencia arroj\u00f3 resultado positivo secuestrando escopeta calibre 16 de dos ca\u00f1os yuxtapuestos sin marca ni numeraci\u00f3n, como as\u00ed una vaina servida y 2 cartuchos intactos del mismo calibre.&nbsp;<\/p>\n\n\n\n<p>Respecto de los imputados, dos hermanos de 29 y 25 a\u00f1os de edad, fueron notificados de la formaci\u00f3n de la causa por los delitos enunciados con intervenci\u00f3n de la fiscal\u00eda local en turno, quien investigaba el hecho.<\/p>\n","protected":false},"excerpt":{"rendered":"<p>En la madrugada de hoy jueves en amplio operativo policial encabezado por personal del gabinete criminol\u00f3gico de la comisar\u00eda, se diligenci\u00f3 una orden de allanamiento extendida por la justicia ordinaria de San Nicol\u00e1s, para un domicilio particular ubicado en calle Liniers al 2100, en el marco de causa de \u201camenazas agravadas\u201d denunciado en sede policial.&nbsp; [&hellip;]<\/p>\n","protected":false},"author":4,"featured_media":106072,"comment_status":"closed","ping_status":"closed","sticky":false,"template":"","format":"standard","meta":{"om_disable_all_campaigns":false,"_jetpack_memberships_contains_paid_content":false,"footnotes":""},"categories":[50,2,103],"tags":[197,33,95,19],"class_list":["post-106071","post","type-post","status-publish","format-standard","has-post-thumbnail","hentry","category-destacadas","category-locales","category-policiales-locales","tag-buenos-aires","tag-locales","tag-policiales","tag-san-pedro"],"aioseo_notices":[],"gutentor_comment":0,"jetpack_featured_media_url":"https:\/\/eldiariodesanpedro.com.ar\/sitio\/wp-content\/uploads\/2022\/04\/WhatsApp-Image-2022-04-14-at-10.59.50-AM.jpeg","jetpack_shortlink":"https:\/\/wp.me\/p6RhLt-rAP","jetpack_sharing_enabled":true,"_links":{"self":[{"href":"https:\/\/eldiariodesanpedro.com.ar\/sitio\/wp-json\/wp\/v2\/posts\/106071","targetHints":{"allow":["GET"]}}],"collection":[{"href":"https:\/\/eldiariodesanpedro.com.ar\/sitio\/wp-json\/wp\/v2\/posts"}],"about":[{"href":"https:\/\/eldiariodesanpedro.com.ar\/sitio\/wp-json\/wp\/v2\/types\/post"}],"author":[{"embeddable":true,"href":"https:\/\/eldiariodesanpedro.com.ar\/sitio\/wp-json\/wp\/v2\/users\/4"}],"replies":[{"embeddable":true,"href":"https:\/\/eldiariodesanpedro.com.ar\/sitio\/wp-json\/wp\/v2\/comments?post=106071"}],"version-history":[{"count":1,"href":"https:\/\/eldiariodesanpedro.com.ar\/sitio\/wp-json\/wp\/v2\/posts\/106071\/revisions"}],"predecessor-version":[{"id":106073,"href":"https:\/\/eldiariodesanpedro.com.ar\/sitio\/wp-json\/wp\/v2\/posts\/106071\/revisions\/106073"}],"wp:featuredmedia":[{"embeddable":true,"href":"https:\/\/eldiariodesanpedro.com.ar\/sitio\/wp-json\/wp\/v2\/media\/106072"}],"wp:attachment":[{"href":"https:\/\/eldiariodesanpedro.com.ar\/sitio\/wp-json\/wp\/v2\/media?parent=106071"}],"wp:term":[{"taxonomy":"category","embeddable":true,"href":"https:\/\/eldiariodesanpedro.com.ar\/sitio\/wp-json\/wp\/v2\/categories?post=106071"},{"taxonomy":"post_tag","embeddable":true,"href":"https:\/\/eldiariodesanpedro.com.ar\/sitio\/wp-json\/wp\/v2\/tags?post=106071"}],"curies":[{"name":"wp","href":"https:\/\/api.w.org\/{rel}","templated":true}]}}