{"id":106060,"date":"2022-04-14T13:49:59","date_gmt":"2022-04-14T16:49:59","guid":{"rendered":"https:\/\/eldiariodesanpedro.com.ar\/sitio\/?p=106060"},"modified":"2022-04-14T13:50:00","modified_gmt":"2022-04-14T16:50:00","slug":"se-realizo-un-allanamiento-en-un-comercio-de-compra-y-venta-de-metales-donde-se-secuestraron-armas-de-fuego%ef%bf%bc","status":"publish","type":"post","link":"https:\/\/eldiariodesanpedro.com.ar\/sitio\/se-realizo-un-allanamiento-en-un-comercio-de-compra-y-venta-de-metales-donde-se-secuestraron-armas-de-fuego%ef%bf%bc\/","title":{"rendered":"Se realiz\u00f3 un allanamiento en un comercio de compra y venta de metales donde se secuestraron armas de fuego\ufffc"},"content":{"rendered":"<!-- VideographyWP Plugin Message: Automatic video embedding prevented by plugin options. -->\n\n<p>En la tarde de ayer mi\u00e9rcoles el personal del gabinete criminol\u00f3gico de la comisar\u00eda, diligenci\u00f3 \u00f3rdenes de allanamiento extendidas por la justicia ordinaria de San Nicol\u00e1s, para Av. 3 de Febrero al 3600 donde funciona comercio compra y venta de metales.&nbsp;<\/p>\n\n\n\n<p>No se encontraron elementos buscados, logr\u00e1ndose el secuestro de tres escopetas de calibre 12\/70 y las restantes calibre 16, como&nbsp; as\u00ed m\u00faltiples cartuchos intactos de distintos calibres.&nbsp;<\/p>\n\n\n\n<p>Respecto del morador un masculino de 49 a\u00f1os de edad fue imputado del delito de tenencia Ilegal de arma de fuego con intervenci\u00f3n de la fiscal\u00eda local en turno.&nbsp;<\/p>\n\n\n\n<p>El hecho inicial se dio por denuncia recepcionada en sede policial por faltante de placas met\u00e1licas del cementerio local que motiv\u00f3 la intervenci\u00f3n judicial e investigaci\u00f3n.<\/p>\n","protected":false},"excerpt":{"rendered":"<p>En la tarde de ayer mi\u00e9rcoles el personal del gabinete criminol\u00f3gico de la comisar\u00eda, diligenci\u00f3 \u00f3rdenes de allanamiento extendidas por la justicia ordinaria de San Nicol\u00e1s, para Av. 3 de Febrero al 3600 donde funciona comercio compra y venta de metales.&nbsp; No se encontraron elementos buscados, logr\u00e1ndose el secuestro de tres escopetas de calibre 12\/70 [&hellip;]<\/p>\n","protected":false},"author":4,"featured_media":106061,"comment_status":"closed","ping_status":"closed","sticky":false,"template":"","format":"standard","meta":{"om_disable_all_campaigns":false,"_jetpack_memberships_contains_paid_content":false,"footnotes":""},"categories":[50,2,103],"tags":[197,33,95,19],"class_list":["post-106060","post","type-post","status-publish","format-standard","has-post-thumbnail","hentry","category-destacadas","category-locales","category-policiales-locales","tag-buenos-aires","tag-locales","tag-policiales","tag-san-pedro"],"aioseo_notices":[],"gutentor_comment":0,"jetpack_featured_media_url":"https:\/\/eldiariodesanpedro.com.ar\/sitio\/wp-content\/uploads\/2022\/04\/WhatsApp-Image-2022-04-14-at-11.00.30-AM.jpeg","jetpack_shortlink":"https:\/\/wp.me\/p6RhLt-rAE","jetpack_sharing_enabled":true,"_links":{"self":[{"href":"https:\/\/eldiariodesanpedro.com.ar\/sitio\/wp-json\/wp\/v2\/posts\/106060","targetHints":{"allow":["GET"]}}],"collection":[{"href":"https:\/\/eldiariodesanpedro.com.ar\/sitio\/wp-json\/wp\/v2\/posts"}],"about":[{"href":"https:\/\/eldiariodesanpedro.com.ar\/sitio\/wp-json\/wp\/v2\/types\/post"}],"author":[{"embeddable":true,"href":"https:\/\/eldiariodesanpedro.com.ar\/sitio\/wp-json\/wp\/v2\/users\/4"}],"replies":[{"embeddable":true,"href":"https:\/\/eldiariodesanpedro.com.ar\/sitio\/wp-json\/wp\/v2\/comments?post=106060"}],"version-history":[{"count":1,"href":"https:\/\/eldiariodesanpedro.com.ar\/sitio\/wp-json\/wp\/v2\/posts\/106060\/revisions"}],"predecessor-version":[{"id":106062,"href":"https:\/\/eldiariodesanpedro.com.ar\/sitio\/wp-json\/wp\/v2\/posts\/106060\/revisions\/106062"}],"wp:featuredmedia":[{"embeddable":true,"href":"https:\/\/eldiariodesanpedro.com.ar\/sitio\/wp-json\/wp\/v2\/media\/106061"}],"wp:attachment":[{"href":"https:\/\/eldiariodesanpedro.com.ar\/sitio\/wp-json\/wp\/v2\/media?parent=106060"}],"wp:term":[{"taxonomy":"category","embeddable":true,"href":"https:\/\/eldiariodesanpedro.com.ar\/sitio\/wp-json\/wp\/v2\/categories?post=106060"},{"taxonomy":"post_tag","embeddable":true,"href":"https:\/\/eldiariodesanpedro.com.ar\/sitio\/wp-json\/wp\/v2\/tags?post=106060"}],"curies":[{"name":"wp","href":"https:\/\/api.w.org\/{rel}","templated":true}]}}