{"id":106058,"date":"2022-04-14T13:42:20","date_gmt":"2022-04-14T16:42:20","guid":{"rendered":"https:\/\/eldiariodesanpedro.com.ar\/sitio\/?p=106058"},"modified":"2022-04-14T13:42:20","modified_gmt":"2022-04-14T16:42:20","slug":"se-peleaban-dos-menores-fuera-de-la-escuela-y-una-madre-se-metio-a-golpear-a-una-de-las-chicas","status":"publish","type":"post","link":"https:\/\/eldiariodesanpedro.com.ar\/sitio\/se-peleaban-dos-menores-fuera-de-la-escuela-y-una-madre-se-metio-a-golpear-a-una-de-las-chicas\/","title":{"rendered":"Se peleaban dos menores fuera de la escuela y una madre se meti\u00f3 a golpear a una de las chicas"},"content":{"rendered":"<!-- VideographyWP Plugin Message: Automatic video embedding prevented by plugin options. -->\n\n<p>\u00a0Este martes la directora de un establecimiento educativo denunci\u00f3 en la comisar\u00eda local que una femenina 14 a\u00f1os asistida por su progenitora que siendo las 18 hs, circunstancias se encontraba afuera de escuela secundaria n\u00b0 15 a la que asiste como alumna, ubicada en la intersecci\u00f3n de las calles Col\u00f3n y Chivilcoy, mantiene conflicto con una compa\u00f1era de la misma edad, que luego de ello es agredida f\u00edsicamente por la progenitora de la \u00faltima caus\u00e1ndole lesiones de car\u00e1cter leves en el rostro.<\/p>\n","protected":false},"excerpt":{"rendered":"<p>\u00a0Este martes la directora de un establecimiento educativo denunci\u00f3 en la comisar\u00eda local que una femenina 14 a\u00f1os asistida por su progenitora que siendo las 18 hs, circunstancias se encontraba afuera de escuela secundaria n\u00b0 15 a la que asiste como alumna, ubicada en la intersecci\u00f3n de las calles Col\u00f3n y Chivilcoy, mantiene conflicto con [&hellip;]<\/p>\n","protected":false},"author":4,"featured_media":65327,"comment_status":"closed","ping_status":"closed","sticky":false,"template":"","format":"standard","meta":{"om_disable_all_campaigns":false,"_jetpack_memberships_contains_paid_content":false,"footnotes":""},"categories":[2,103],"tags":[197,33,95,19],"class_list":["post-106058","post","type-post","status-publish","format-standard","has-post-thumbnail","hentry","category-locales","category-policiales-locales","tag-buenos-aires","tag-locales","tag-policiales","tag-san-pedro"],"aioseo_notices":[],"gutentor_comment":0,"jetpack_featured_media_url":"https:\/\/eldiariodesanpedro.com.ar\/sitio\/wp-content\/uploads\/2019\/12\/no_z9gdv37fighykk8comando_patrulla.jpg","jetpack_shortlink":"https:\/\/wp.me\/p6RhLt-rAC","jetpack_sharing_enabled":true,"_links":{"self":[{"href":"https:\/\/eldiariodesanpedro.com.ar\/sitio\/wp-json\/wp\/v2\/posts\/106058","targetHints":{"allow":["GET"]}}],"collection":[{"href":"https:\/\/eldiariodesanpedro.com.ar\/sitio\/wp-json\/wp\/v2\/posts"}],"about":[{"href":"https:\/\/eldiariodesanpedro.com.ar\/sitio\/wp-json\/wp\/v2\/types\/post"}],"author":[{"embeddable":true,"href":"https:\/\/eldiariodesanpedro.com.ar\/sitio\/wp-json\/wp\/v2\/users\/4"}],"replies":[{"embeddable":true,"href":"https:\/\/eldiariodesanpedro.com.ar\/sitio\/wp-json\/wp\/v2\/comments?post=106058"}],"version-history":[{"count":1,"href":"https:\/\/eldiariodesanpedro.com.ar\/sitio\/wp-json\/wp\/v2\/posts\/106058\/revisions"}],"predecessor-version":[{"id":106059,"href":"https:\/\/eldiariodesanpedro.com.ar\/sitio\/wp-json\/wp\/v2\/posts\/106058\/revisions\/106059"}],"wp:featuredmedia":[{"embeddable":true,"href":"https:\/\/eldiariodesanpedro.com.ar\/sitio\/wp-json\/wp\/v2\/media\/65327"}],"wp:attachment":[{"href":"https:\/\/eldiariodesanpedro.com.ar\/sitio\/wp-json\/wp\/v2\/media?parent=106058"}],"wp:term":[{"taxonomy":"category","embeddable":true,"href":"https:\/\/eldiariodesanpedro.com.ar\/sitio\/wp-json\/wp\/v2\/categories?post=106058"},{"taxonomy":"post_tag","embeddable":true,"href":"https:\/\/eldiariodesanpedro.com.ar\/sitio\/wp-json\/wp\/v2\/tags?post=106058"}],"curies":[{"name":"wp","href":"https:\/\/api.w.org\/{rel}","templated":true}]}}