{"id":106054,"date":"2022-04-14T13:30:33","date_gmt":"2022-04-14T16:30:33","guid":{"rendered":"https:\/\/eldiariodesanpedro.com.ar\/sitio\/?p=106054"},"modified":"2022-04-14T13:30:33","modified_gmt":"2022-04-14T16:30:33","slug":"danos-y-robo-de-placas-en-el-cementerio%ef%bf%bc","status":"publish","type":"post","link":"https:\/\/eldiariodesanpedro.com.ar\/sitio\/danos-y-robo-de-placas-en-el-cementerio%ef%bf%bc\/","title":{"rendered":"Da\u00f1os y robo de placas en el cementerio\ufffc"},"content":{"rendered":"<!-- VideographyWP Plugin Message: Automatic video embedding prevented by plugin options. -->\n\n<p>Este martes se realiz\u00f3 la denuncia de un ciudadano de 66 a\u00f1os de edad tras en horas de la tarde del mismo d\u00eda en circunstancias que se encontraba en el cementerio de esta ciudad constata que autores ignorados da\u00f1aron la puerta de ingreso de b\u00f3veda familiar y placas.<\/p>\n","protected":false},"excerpt":{"rendered":"<p>Este martes se realiz\u00f3 la denuncia de un ciudadano de 66 a\u00f1os de edad tras en horas de la tarde del mismo d\u00eda en circunstancias que se encontraba en el cementerio de esta ciudad constata que autores ignorados da\u00f1aron la puerta de ingreso de b\u00f3veda familiar y placas.<\/p>\n","protected":false},"author":4,"featured_media":83062,"comment_status":"closed","ping_status":"closed","sticky":false,"template":"","format":"standard","meta":{"om_disable_all_campaigns":false,"_jetpack_memberships_contains_paid_content":false,"footnotes":""},"categories":[2,103],"tags":[197,33,95,19],"class_list":["post-106054","post","type-post","status-publish","format-standard","has-post-thumbnail","hentry","category-locales","category-policiales-locales","tag-buenos-aires","tag-locales","tag-policiales","tag-san-pedro"],"aioseo_notices":[],"gutentor_comment":0,"jetpack_featured_media_url":"https:\/\/eldiariodesanpedro.com.ar\/sitio\/wp-content\/uploads\/2020\/11\/cementerio-recoleta-801x563-1.jpg","jetpack_shortlink":"https:\/\/wp.me\/p6RhLt-rAy","jetpack_sharing_enabled":true,"_links":{"self":[{"href":"https:\/\/eldiariodesanpedro.com.ar\/sitio\/wp-json\/wp\/v2\/posts\/106054","targetHints":{"allow":["GET"]}}],"collection":[{"href":"https:\/\/eldiariodesanpedro.com.ar\/sitio\/wp-json\/wp\/v2\/posts"}],"about":[{"href":"https:\/\/eldiariodesanpedro.com.ar\/sitio\/wp-json\/wp\/v2\/types\/post"}],"author":[{"embeddable":true,"href":"https:\/\/eldiariodesanpedro.com.ar\/sitio\/wp-json\/wp\/v2\/users\/4"}],"replies":[{"embeddable":true,"href":"https:\/\/eldiariodesanpedro.com.ar\/sitio\/wp-json\/wp\/v2\/comments?post=106054"}],"version-history":[{"count":1,"href":"https:\/\/eldiariodesanpedro.com.ar\/sitio\/wp-json\/wp\/v2\/posts\/106054\/revisions"}],"predecessor-version":[{"id":106055,"href":"https:\/\/eldiariodesanpedro.com.ar\/sitio\/wp-json\/wp\/v2\/posts\/106054\/revisions\/106055"}],"wp:featuredmedia":[{"embeddable":true,"href":"https:\/\/eldiariodesanpedro.com.ar\/sitio\/wp-json\/wp\/v2\/media\/83062"}],"wp:attachment":[{"href":"https:\/\/eldiariodesanpedro.com.ar\/sitio\/wp-json\/wp\/v2\/media?parent=106054"}],"wp:term":[{"taxonomy":"category","embeddable":true,"href":"https:\/\/eldiariodesanpedro.com.ar\/sitio\/wp-json\/wp\/v2\/categories?post=106054"},{"taxonomy":"post_tag","embeddable":true,"href":"https:\/\/eldiariodesanpedro.com.ar\/sitio\/wp-json\/wp\/v2\/tags?post=106054"}],"curies":[{"name":"wp","href":"https:\/\/api.w.org\/{rel}","templated":true}]}}