{"id":106052,"date":"2022-04-14T13:18:40","date_gmt":"2022-04-14T16:18:40","guid":{"rendered":"https:\/\/eldiariodesanpedro.com.ar\/sitio\/?p=106052"},"modified":"2022-04-14T13:18:41","modified_gmt":"2022-04-14T16:18:41","slug":"un-joven-aprehendido-por-golpear-a-su-pareja-de-16-anos%ef%bf%bc","status":"publish","type":"post","link":"https:\/\/eldiariodesanpedro.com.ar\/sitio\/un-joven-aprehendido-por-golpear-a-su-pareja-de-16-anos%ef%bf%bc\/","title":{"rendered":"Un joven aprehendido por golpear a su pareja de 16 a\u00f1os\ufffc"},"content":{"rendered":"<!-- VideographyWP Plugin Message: Automatic video embedding prevented by plugin options. -->\n\n<p>El pasado martes el personal policial de la comisar\u00eda local se hace presente en calle Ansaloni al 2100 aprehende a masculino de 22 a\u00f1os de edad tras amenazar,&nbsp; agredir y lesionar a su ex pareja, misma de 16 a\u00f1os de edad presenta lesiones de car\u00e1cter leves, es asistida por personal de la Comisaria de la Mujer y la Familia.&nbsp;<\/p>\n\n\n\n<p>Interviene UFI Nro. 05<\/p>\n","protected":false},"excerpt":{"rendered":"<p>El pasado martes el personal policial de la comisar\u00eda local se hace presente en calle Ansaloni al 2100 aprehende a masculino de 22 a\u00f1os de edad tras amenazar,&nbsp; agredir y lesionar a su ex pareja, misma de 16 a\u00f1os de edad presenta lesiones de car\u00e1cter leves, es asistida por personal de la Comisaria de la [&hellip;]<\/p>\n","protected":false},"author":4,"featured_media":93912,"comment_status":"closed","ping_status":"closed","sticky":false,"template":"","format":"standard","meta":{"om_disable_all_campaigns":false,"_jetpack_memberships_contains_paid_content":false,"footnotes":""},"categories":[2,103],"tags":[197,33,95,19],"class_list":["post-106052","post","type-post","status-publish","format-standard","has-post-thumbnail","hentry","category-locales","category-policiales-locales","tag-buenos-aires","tag-locales","tag-policiales","tag-san-pedro"],"aioseo_notices":[],"gutentor_comment":0,"jetpack_featured_media_url":"https:\/\/eldiariodesanpedro.com.ar\/sitio\/wp-content\/uploads\/2021\/06\/violencia-genero-igualdad.jpg","jetpack_shortlink":"https:\/\/wp.me\/p6RhLt-rAw","jetpack_sharing_enabled":true,"_links":{"self":[{"href":"https:\/\/eldiariodesanpedro.com.ar\/sitio\/wp-json\/wp\/v2\/posts\/106052","targetHints":{"allow":["GET"]}}],"collection":[{"href":"https:\/\/eldiariodesanpedro.com.ar\/sitio\/wp-json\/wp\/v2\/posts"}],"about":[{"href":"https:\/\/eldiariodesanpedro.com.ar\/sitio\/wp-json\/wp\/v2\/types\/post"}],"author":[{"embeddable":true,"href":"https:\/\/eldiariodesanpedro.com.ar\/sitio\/wp-json\/wp\/v2\/users\/4"}],"replies":[{"embeddable":true,"href":"https:\/\/eldiariodesanpedro.com.ar\/sitio\/wp-json\/wp\/v2\/comments?post=106052"}],"version-history":[{"count":1,"href":"https:\/\/eldiariodesanpedro.com.ar\/sitio\/wp-json\/wp\/v2\/posts\/106052\/revisions"}],"predecessor-version":[{"id":106053,"href":"https:\/\/eldiariodesanpedro.com.ar\/sitio\/wp-json\/wp\/v2\/posts\/106052\/revisions\/106053"}],"wp:featuredmedia":[{"embeddable":true,"href":"https:\/\/eldiariodesanpedro.com.ar\/sitio\/wp-json\/wp\/v2\/media\/93912"}],"wp:attachment":[{"href":"https:\/\/eldiariodesanpedro.com.ar\/sitio\/wp-json\/wp\/v2\/media?parent=106052"}],"wp:term":[{"taxonomy":"category","embeddable":true,"href":"https:\/\/eldiariodesanpedro.com.ar\/sitio\/wp-json\/wp\/v2\/categories?post=106052"},{"taxonomy":"post_tag","embeddable":true,"href":"https:\/\/eldiariodesanpedro.com.ar\/sitio\/wp-json\/wp\/v2\/tags?post=106052"}],"curies":[{"name":"wp","href":"https:\/\/api.w.org\/{rel}","templated":true}]}}