{"id":106042,"date":"2022-04-13T21:13:19","date_gmt":"2022-04-14T00:13:19","guid":{"rendered":"https:\/\/eldiariodesanpedro.com.ar\/sitio\/?p=106042"},"modified":"2022-04-13T21:13:20","modified_gmt":"2022-04-14T00:13:20","slug":"finalizo-con-gran-participacion-la-jornada-de-vacunacion-publica","status":"publish","type":"post","link":"https:\/\/eldiariodesanpedro.com.ar\/sitio\/finalizo-con-gran-participacion-la-jornada-de-vacunacion-publica\/","title":{"rendered":"Finaliz\u00f3 con gran participaci\u00f3n la jornada de vacunaci\u00f3n p\u00fablica"},"content":{"rendered":"<!-- VideographyWP Plugin Message: Automatic video embedding prevented by plugin options. -->\n\n<p>Se desarroll\u00f3 con \u00e9xito la campa\u00f1a de vacunaci\u00f3n coordinada por la Municipalidad de San Pedro desde la Secretar\u00eda de Salud y junto al Colegio de Farmac\u00e9uticos, PAMI y ANSES.<br>Durante la jornada fueron aplicadas 1654 vacunas de las cuales 980 corresponden a la vacuna antigripal y las 674 restante aplicadas entre Prevenar 13 y Pneumo 23, la doble bacteriana adultos, sarampi\u00f3n y hepatitis B.<\/p>\n\n\n\n<p>El Intendente Municipal Ram\u00f3n Salazar se acerc\u00f3 nuevamente al lugar sobre el cierre de la actividad acompa\u00f1ando a su mam\u00e1 a vacunarse, agradeci\u00f3 al personal por el trabajo realizado y se interioriz\u00f3 sobre los resultados del operativo que sobrepasaron exitosamente la meta establecida por el equipo de Salud.<\/p>\n\n\n\n<p>A partir del pr\u00f3ximo lunes 18 de abril comenzar\u00e1 a aplicarse la vacuna antigripal para mayores de 65 a\u00f1os en los Centros de Salud. Recordamos que se habilit\u00f3 un mecanismo a trav\u00e9s del cual podr\u00e1n informar los datos de las personas que no puedan concurrir por internaciones domiciliarias, mujeres embarazadas, ni\u00f1os\/as de 6 a 24 meses y otros\/as que no cuenten con posibilidades de acercarse a CAPS y\/o postas de testeos.<\/p>\n\n\n\n<p>En el sitio web www.sanpedro.gob.ar se encuentra un formulario de inscripci\u00f3n para facilitar la aplicaci\u00f3n de la vacuna en esta poblaci\u00f3n que ser\u00e1 contactada por personal del equipo de Salud.<\/p>\n\n\n\n<figure class=\"wp-block-image size-full\"><img decoding=\"async\" width=\"922\" height=\"630\" data-attachment-id=\"106044\" data-permalink=\"https:\/\/eldiariodesanpedro.com.ar\/sitio\/finalizo-con-gran-participacion-la-jornada-de-vacunacion-publica\/whatsapp-image-2022-04-13-at-7-17-41-pm-1\/\" data-orig-file=\"https:\/\/eldiariodesanpedro.com.ar\/sitio\/wp-content\/uploads\/2022\/04\/WhatsApp-Image-2022-04-13-at-7.17.41-PM-1.jpeg\" data-orig-size=\"922,630\" data-comments-opened=\"0\" data-image-meta=\"{&quot;aperture&quot;:&quot;0&quot;,&quot;credit&quot;:&quot;&quot;,&quot;camera&quot;:&quot;&quot;,&quot;caption&quot;:&quot;&quot;,&quot;created_timestamp&quot;:&quot;0&quot;,&quot;copyright&quot;:&quot;&quot;,&quot;focal_length&quot;:&quot;0&quot;,&quot;iso&quot;:&quot;0&quot;,&quot;shutter_speed&quot;:&quot;0&quot;,&quot;title&quot;:&quot;&quot;,&quot;orientation&quot;:&quot;0&quot;}\" data-image-title=\"WhatsApp Image 2022-04-13 at 7.17.41 PM (1)\" data-image-description=\"\" data-image-caption=\"\" data-large-file=\"https:\/\/eldiariodesanpedro.com.ar\/sitio\/wp-content\/uploads\/2022\/04\/WhatsApp-Image-2022-04-13-at-7.17.41-PM-1.jpeg\" data-src=\"https:\/\/eldiariodesanpedro.com.ar\/sitio\/wp-content\/uploads\/2022\/04\/WhatsApp-Image-2022-04-13-at-7.17.41-PM-1.jpeg\" alt=\"\" class=\"wp-image-106044 lazyload\" data-srcset=\"https:\/\/eldiariodesanpedro.com.ar\/sitio\/wp-content\/uploads\/2022\/04\/WhatsApp-Image-2022-04-13-at-7.17.41-PM-1.jpeg 922w, https:\/\/eldiariodesanpedro.com.ar\/sitio\/wp-content\/uploads\/2022\/04\/WhatsApp-Image-2022-04-13-at-7.17.41-PM-1-300x205.jpeg 300w, https:\/\/eldiariodesanpedro.com.ar\/sitio\/wp-content\/uploads\/2022\/04\/WhatsApp-Image-2022-04-13-at-7.17.41-PM-1-768x525.jpeg 768w\" data-sizes=\"(max-width: 922px) 100vw, 922px\" src=\"data:image\/svg+xml;base64,PHN2ZyB3aWR0aD0iMSIgaGVpZ2h0PSIxIiB4bWxucz0iaHR0cDovL3d3dy53My5vcmcvMjAwMC9zdmciPjwvc3ZnPg==\" style=\"--smush-placeholder-width: 922px; --smush-placeholder-aspect-ratio: 922\/630;\" \/><\/figure>\n\n\n\n<figure class=\"wp-block-image size-full\"><img decoding=\"async\" width=\"945\" height=\"630\" data-attachment-id=\"106045\" data-permalink=\"https:\/\/eldiariodesanpedro.com.ar\/sitio\/finalizo-con-gran-participacion-la-jornada-de-vacunacion-publica\/whatsapp-image-2022-04-13-at-7-17-41-pm\/\" data-orig-file=\"https:\/\/eldiariodesanpedro.com.ar\/sitio\/wp-content\/uploads\/2022\/04\/WhatsApp-Image-2022-04-13-at-7.17.41-PM.jpeg\" data-orig-size=\"945,630\" data-comments-opened=\"0\" data-image-meta=\"{&quot;aperture&quot;:&quot;0&quot;,&quot;credit&quot;:&quot;&quot;,&quot;camera&quot;:&quot;&quot;,&quot;caption&quot;:&quot;&quot;,&quot;created_timestamp&quot;:&quot;0&quot;,&quot;copyright&quot;:&quot;&quot;,&quot;focal_length&quot;:&quot;0&quot;,&quot;iso&quot;:&quot;0&quot;,&quot;shutter_speed&quot;:&quot;0&quot;,&quot;title&quot;:&quot;&quot;,&quot;orientation&quot;:&quot;0&quot;}\" data-image-title=\"WhatsApp Image 2022-04-13 at 7.17.41 PM\" data-image-description=\"\" data-image-caption=\"\" data-large-file=\"https:\/\/eldiariodesanpedro.com.ar\/sitio\/wp-content\/uploads\/2022\/04\/WhatsApp-Image-2022-04-13-at-7.17.41-PM.jpeg\" data-src=\"https:\/\/eldiariodesanpedro.com.ar\/sitio\/wp-content\/uploads\/2022\/04\/WhatsApp-Image-2022-04-13-at-7.17.41-PM.jpeg\" alt=\"\" class=\"wp-image-106045 lazyload\" data-srcset=\"https:\/\/eldiariodesanpedro.com.ar\/sitio\/wp-content\/uploads\/2022\/04\/WhatsApp-Image-2022-04-13-at-7.17.41-PM.jpeg 945w, https:\/\/eldiariodesanpedro.com.ar\/sitio\/wp-content\/uploads\/2022\/04\/WhatsApp-Image-2022-04-13-at-7.17.41-PM-300x200.jpeg 300w, https:\/\/eldiariodesanpedro.com.ar\/sitio\/wp-content\/uploads\/2022\/04\/WhatsApp-Image-2022-04-13-at-7.17.41-PM-768x512.jpeg 768w\" data-sizes=\"(max-width: 945px) 100vw, 945px\" src=\"data:image\/svg+xml;base64,PHN2ZyB3aWR0aD0iMSIgaGVpZ2h0PSIxIiB4bWxucz0iaHR0cDovL3d3dy53My5vcmcvMjAwMC9zdmciPjwvc3ZnPg==\" style=\"--smush-placeholder-width: 945px; --smush-placeholder-aspect-ratio: 945\/630;\" \/><\/figure>\n","protected":false},"excerpt":{"rendered":"<p>Se desarroll\u00f3 con \u00e9xito la campa\u00f1a de vacunaci\u00f3n coordinada por la Municipalidad de San Pedro desde la Secretar\u00eda de Salud y junto al Colegio de Farmac\u00e9uticos, PAMI y ANSES.Durante la jornada fueron aplicadas 1654 vacunas de las cuales 980 corresponden a la vacuna antigripal y las 674 restante aplicadas entre Prevenar 13 y Pneumo 23, [&hellip;]<\/p>\n","protected":false},"author":4,"featured_media":106043,"comment_status":"closed","ping_status":"closed","sticky":false,"template":"","format":"standard","meta":{"om_disable_all_campaigns":false,"_jetpack_memberships_contains_paid_content":false,"footnotes":""},"categories":[50,101,2],"tags":[197,696,33,19],"class_list":["post-106042","post","type-post","status-publish","format-standard","has-post-thumbnail","hentry","category-destacadas","category-interes-general-locales","category-locales","tag-buenos-aires","tag-interes-general","tag-locales","tag-san-pedro"],"aioseo_notices":[],"gutentor_comment":0,"jetpack_featured_media_url":"https:\/\/eldiariodesanpedro.com.ar\/sitio\/wp-content\/uploads\/2022\/04\/WhatsApp-Image-2022-04-13-at-7.17.40-PM.jpeg","jetpack_shortlink":"https:\/\/wp.me\/p6RhLt-rAm","jetpack_sharing_enabled":true,"_links":{"self":[{"href":"https:\/\/eldiariodesanpedro.com.ar\/sitio\/wp-json\/wp\/v2\/posts\/106042","targetHints":{"allow":["GET"]}}],"collection":[{"href":"https:\/\/eldiariodesanpedro.com.ar\/sitio\/wp-json\/wp\/v2\/posts"}],"about":[{"href":"https:\/\/eldiariodesanpedro.com.ar\/sitio\/wp-json\/wp\/v2\/types\/post"}],"author":[{"embeddable":true,"href":"https:\/\/eldiariodesanpedro.com.ar\/sitio\/wp-json\/wp\/v2\/users\/4"}],"replies":[{"embeddable":true,"href":"https:\/\/eldiariodesanpedro.com.ar\/sitio\/wp-json\/wp\/v2\/comments?post=106042"}],"version-history":[{"count":1,"href":"https:\/\/eldiariodesanpedro.com.ar\/sitio\/wp-json\/wp\/v2\/posts\/106042\/revisions"}],"predecessor-version":[{"id":106047,"href":"https:\/\/eldiariodesanpedro.com.ar\/sitio\/wp-json\/wp\/v2\/posts\/106042\/revisions\/106047"}],"wp:featuredmedia":[{"embeddable":true,"href":"https:\/\/eldiariodesanpedro.com.ar\/sitio\/wp-json\/wp\/v2\/media\/106043"}],"wp:attachment":[{"href":"https:\/\/eldiariodesanpedro.com.ar\/sitio\/wp-json\/wp\/v2\/media?parent=106042"}],"wp:term":[{"taxonomy":"category","embeddable":true,"href":"https:\/\/eldiariodesanpedro.com.ar\/sitio\/wp-json\/wp\/v2\/categories?post=106042"},{"taxonomy":"post_tag","embeddable":true,"href":"https:\/\/eldiariodesanpedro.com.ar\/sitio\/wp-json\/wp\/v2\/tags?post=106042"}],"curies":[{"name":"wp","href":"https:\/\/api.w.org\/{rel}","templated":true}]}}