{"id":106040,"date":"2022-04-13T21:03:11","date_gmt":"2022-04-14T00:03:11","guid":{"rendered":"https:\/\/eldiariodesanpedro.com.ar\/sitio\/?p=106040"},"modified":"2022-04-13T21:03:12","modified_gmt":"2022-04-14T00:03:12","slug":"quedo-aprobado-el-50-de-aumento-en-el-transporte-urbano","status":"publish","type":"post","link":"https:\/\/eldiariodesanpedro.com.ar\/sitio\/quedo-aprobado-el-50-de-aumento-en-el-transporte-urbano\/","title":{"rendered":"Qued\u00f3 aprobado el 50% de aumento en el transporte urbano"},"content":{"rendered":"<!-- VideographyWP Plugin Message: Automatic video embedding prevented by plugin options. -->\n\n<p>Este mi\u00e9rcoles por la ma\u00f1ana se desarroll\u00f3 una sesi\u00f3n extraordinaria donde el Concejo Deliberante donde aprobaron el incremento del 50% del transporte urbano, con el acompa\u00f1amiento del oficialismo y la abstenci\u00f3n del bloque Juntos PRO, de Pelletier y Cappelletti. El radicalismo y la concejala S\u00e1nchez votaron en contra.<\/p>\n\n\n\n<p>El<strong>&nbsp;gobierno municipal elev\u00f3 al HCD el nuevo cuadro tarifario de la empresa Vercelli<\/strong>, con&nbsp;<strong>una suba del 50%<\/strong>, claramente inferior a lo que ped\u00eda la empresa que, a enero de 2022, solicit\u00f3 una actualizaci\u00f3n del 192,5 por ciento.&nbsp;<\/p>\n\n\n\n<p>Este mi\u00e9rcoles, en sesi\u00f3n extraordinaria,&nbsp;<strong>el concejo deliberante aprob\u00f3 el incremento<\/strong>&nbsp;que ya ten\u00eda adem\u00e1s un dictamen de mayor\u00eda en la comisi\u00f3n correspondiente.<\/p>\n\n\n\n<p>La suba qued\u00f3 aprobada con el&nbsp;<strong>voto positivo del bloque del Frente de Todos<\/strong>&nbsp;que responde al oficialismo y fue&nbsp;<strong>rechazada por el bloque de la UCR dentro de Juntos y la concejala Florencia S\u00e1nchez.<\/strong><\/p>\n\n\n\n<p>En el caso de los&nbsp;<strong>ediles del PRO dentro de Juntos, votaron por la abstenci\u00f3n<\/strong>.<\/p>\n","protected":false},"excerpt":{"rendered":"<p>Este mi\u00e9rcoles por la ma\u00f1ana se desarroll\u00f3 una sesi\u00f3n extraordinaria donde el Concejo Deliberante donde aprobaron el incremento del 50% del transporte urbano, con el acompa\u00f1amiento del oficialismo y la abstenci\u00f3n del bloque Juntos PRO, de Pelletier y Cappelletti. El radicalismo y la concejala S\u00e1nchez votaron en contra. El&nbsp;gobierno municipal elev\u00f3 al HCD el nuevo [&hellip;]<\/p>\n","protected":false},"author":4,"featured_media":42727,"comment_status":"closed","ping_status":"closed","sticky":false,"template":"","format":"standard","meta":{"om_disable_all_campaigns":false,"_jetpack_memberships_contains_paid_content":false,"footnotes":""},"categories":[50,101,2],"tags":[197,696,33,19],"class_list":["post-106040","post","type-post","status-publish","format-standard","has-post-thumbnail","hentry","category-destacadas","category-interes-general-locales","category-locales","tag-buenos-aires","tag-interes-general","tag-locales","tag-san-pedro"],"aioseo_notices":[],"gutentor_comment":0,"jetpack_featured_media_url":"https:\/\/eldiariodesanpedro.com.ar\/sitio\/wp-content\/uploads\/2018\/10\/colectivo-verselli.jpg","jetpack_shortlink":"https:\/\/wp.me\/p6RhLt-rAk","jetpack_sharing_enabled":true,"_links":{"self":[{"href":"https:\/\/eldiariodesanpedro.com.ar\/sitio\/wp-json\/wp\/v2\/posts\/106040","targetHints":{"allow":["GET"]}}],"collection":[{"href":"https:\/\/eldiariodesanpedro.com.ar\/sitio\/wp-json\/wp\/v2\/posts"}],"about":[{"href":"https:\/\/eldiariodesanpedro.com.ar\/sitio\/wp-json\/wp\/v2\/types\/post"}],"author":[{"embeddable":true,"href":"https:\/\/eldiariodesanpedro.com.ar\/sitio\/wp-json\/wp\/v2\/users\/4"}],"replies":[{"embeddable":true,"href":"https:\/\/eldiariodesanpedro.com.ar\/sitio\/wp-json\/wp\/v2\/comments?post=106040"}],"version-history":[{"count":1,"href":"https:\/\/eldiariodesanpedro.com.ar\/sitio\/wp-json\/wp\/v2\/posts\/106040\/revisions"}],"predecessor-version":[{"id":106041,"href":"https:\/\/eldiariodesanpedro.com.ar\/sitio\/wp-json\/wp\/v2\/posts\/106040\/revisions\/106041"}],"wp:featuredmedia":[{"embeddable":true,"href":"https:\/\/eldiariodesanpedro.com.ar\/sitio\/wp-json\/wp\/v2\/media\/42727"}],"wp:attachment":[{"href":"https:\/\/eldiariodesanpedro.com.ar\/sitio\/wp-json\/wp\/v2\/media?parent=106040"}],"wp:term":[{"taxonomy":"category","embeddable":true,"href":"https:\/\/eldiariodesanpedro.com.ar\/sitio\/wp-json\/wp\/v2\/categories?post=106040"},{"taxonomy":"post_tag","embeddable":true,"href":"https:\/\/eldiariodesanpedro.com.ar\/sitio\/wp-json\/wp\/v2\/tags?post=106040"}],"curies":[{"name":"wp","href":"https:\/\/api.w.org\/{rel}","templated":true}]}}