{"id":106034,"date":"2022-04-13T13:52:41","date_gmt":"2022-04-13T16:52:41","guid":{"rendered":"https:\/\/eldiariodesanpedro.com.ar\/sitio\/?p=106034"},"modified":"2022-04-13T13:52:42","modified_gmt":"2022-04-13T16:52:42","slug":"reunion-para-proyectar-el-plan-fines-2022","status":"publish","type":"post","link":"https:\/\/eldiariodesanpedro.com.ar\/sitio\/reunion-para-proyectar-el-plan-fines-2022\/","title":{"rendered":"Reuni\u00f3n para proyectar el Plan FinEs 2022"},"content":{"rendered":"<!-- VideographyWP Plugin Message: Automatic video embedding prevented by plugin options. -->\n\n<p>Esta ma\u00f1ana el secretario de Gobierno Pablo Vlaemink recibi\u00f3 al coordinador Distrital del Plan FinEs Juan Bon para proyectar conjuntamente la implementaci\u00f3n del Programa de Finalizaci\u00f3n de Estudios Secundarios para el a\u00f1o en curso.<\/p>\n\n\n\n<p>El Plan FinEs est\u00e1 destinado a j\u00f3venes y adultos, mayores de 18 a\u00f1os, que no hayan iniciado o finalizado el nivel secundario, y para quienes cursaron el \u00faltimo a\u00f1o de la secundaria o adeudan materias, el t\u00edtulo es oficial, tiene validez nacional y es gratuito. En nuestro distrito se presenta en dos l\u00edneas de acci\u00f3n:<\/p>\n\n\n\n<p>FinEs deudores de materias: Dirigido a quienes terminaron de cursar el \u00faltimo a\u00f1o de la escuela secundaria y adeudan materias.<\/p>\n\n\n\n<p>FinEs Trayecto Secundaria: Dirigido a quienes deseen cursar el trayecto de educaci\u00f3n secundaria.<\/p>\n","protected":false},"excerpt":{"rendered":"<p>Esta ma\u00f1ana el secretario de Gobierno Pablo Vlaemink recibi\u00f3 al coordinador Distrital del Plan FinEs Juan Bon para proyectar conjuntamente la implementaci\u00f3n del Programa de Finalizaci\u00f3n de Estudios Secundarios para el a\u00f1o en curso. El Plan FinEs est\u00e1 destinado a j\u00f3venes y adultos, mayores de 18 a\u00f1os, que no hayan iniciado o finalizado el nivel [&hellip;]<\/p>\n","protected":false},"author":4,"featured_media":106035,"comment_status":"closed","ping_status":"closed","sticky":false,"template":"","format":"standard","meta":{"om_disable_all_campaigns":false,"_jetpack_memberships_contains_paid_content":false,"footnotes":""},"categories":[101,2],"tags":[197,696,33,19],"class_list":["post-106034","post","type-post","status-publish","format-standard","has-post-thumbnail","hentry","category-interes-general-locales","category-locales","tag-buenos-aires","tag-interes-general","tag-locales","tag-san-pedro"],"aioseo_notices":[],"gutentor_comment":0,"jetpack_featured_media_url":"https:\/\/eldiariodesanpedro.com.ar\/sitio\/wp-content\/uploads\/2022\/04\/WhatsApp-Image-2022-04-13-at-1.40.23-PM.jpeg","jetpack_shortlink":"https:\/\/wp.me\/p6RhLt-rAe","jetpack_sharing_enabled":true,"_links":{"self":[{"href":"https:\/\/eldiariodesanpedro.com.ar\/sitio\/wp-json\/wp\/v2\/posts\/106034","targetHints":{"allow":["GET"]}}],"collection":[{"href":"https:\/\/eldiariodesanpedro.com.ar\/sitio\/wp-json\/wp\/v2\/posts"}],"about":[{"href":"https:\/\/eldiariodesanpedro.com.ar\/sitio\/wp-json\/wp\/v2\/types\/post"}],"author":[{"embeddable":true,"href":"https:\/\/eldiariodesanpedro.com.ar\/sitio\/wp-json\/wp\/v2\/users\/4"}],"replies":[{"embeddable":true,"href":"https:\/\/eldiariodesanpedro.com.ar\/sitio\/wp-json\/wp\/v2\/comments?post=106034"}],"version-history":[{"count":1,"href":"https:\/\/eldiariodesanpedro.com.ar\/sitio\/wp-json\/wp\/v2\/posts\/106034\/revisions"}],"predecessor-version":[{"id":106036,"href":"https:\/\/eldiariodesanpedro.com.ar\/sitio\/wp-json\/wp\/v2\/posts\/106034\/revisions\/106036"}],"wp:featuredmedia":[{"embeddable":true,"href":"https:\/\/eldiariodesanpedro.com.ar\/sitio\/wp-json\/wp\/v2\/media\/106035"}],"wp:attachment":[{"href":"https:\/\/eldiariodesanpedro.com.ar\/sitio\/wp-json\/wp\/v2\/media?parent=106034"}],"wp:term":[{"taxonomy":"category","embeddable":true,"href":"https:\/\/eldiariodesanpedro.com.ar\/sitio\/wp-json\/wp\/v2\/categories?post=106034"},{"taxonomy":"post_tag","embeddable":true,"href":"https:\/\/eldiariodesanpedro.com.ar\/sitio\/wp-json\/wp\/v2\/tags?post=106034"}],"curies":[{"name":"wp","href":"https:\/\/api.w.org\/{rel}","templated":true}]}}